{"id":25570,"date":"2024-11-25T18:12:43","date_gmt":"2024-11-25T21:12:43","guid":{"rendered":"https:\/\/redebeneditina.org.br\/pioxi\/?p=25570"},"modified":"2024-11-26T18:14:16","modified_gmt":"2024-11-26T21:14:16","slug":"dia-da-consciencia-negra-4-ano","status":"publish","type":"post","link":"https:\/\/redebeneditina.org.br\/pioxi\/dia-da-consciencia-negra-4-ano\/","title":{"rendered":"Dia da Consci\u00eancia Negra &#8211; 4\u00b0 ano"},"content":{"rendered":"<p>Em comemora\u00e7\u00e3o ao Dia da Consci\u00eancia Negra, os alunos do 4\u00b0 ano A fizeram um cartaz coletivo.<\/p>\n<p>Atrav\u00e9s da pintura de suas m\u00e3os expressaram sua identidade e valorizaram a cultura negra.<\/p>\nngg_shortcode_0_placeholder\n","protected":false},"excerpt":{"rendered":"<p>Em comemora\u00e7\u00e3o ao Dia da Consci\u00eancia Negra, os alunos do 4\u00b0 ano A fizeram um cartaz coletivo. Atrav\u00e9s da pintura de suas m\u00e3os expressaram sua identidade e valorizaram a cultura negra. &nbsp;<\/p>\n","protected":false},"author":4,"featured_media":25581,"comment_status":"closed","ping_status":"closed","sticky":false,"template":"","format":"standard","meta":{"_monsterinsights_skip_tracking":false,"_monsterinsights_sitenote_active":false,"_monsterinsights_sitenote_note":"","_monsterinsights_sitenote_category":0,"ngg_post_thumbnail":0,"footnotes":""},"categories":[106,89,82],"tags":[],"class_list":["post-25570","post","type-post","status-publish","format-standard","has-post-thumbnail","hentry","category-noticia-ano-2024","category-ens-fund_i","category-noticias"],"_links":{"self":[{"href":"https:\/\/redebeneditina.org.br\/pioxi\/wp-json\/wp\/v2\/posts\/25570","targetHints":{"allow":["GET"]}}],"collection":[{"href":"https:\/\/redebeneditina.org.br\/pioxi\/wp-json\/wp\/v2\/posts"}],"about":[{"href":"https:\/\/redebeneditina.org.br\/pioxi\/wp-json\/wp\/v2\/types\/post"}],"author":[{"embeddable":true,"href":"https:\/\/redebeneditina.org.br\/pioxi\/wp-json\/wp\/v2\/users\/4"}],"replies":[{"embeddable":true,"href":"https:\/\/redebeneditina.org.br\/pioxi\/wp-json\/wp\/v2\/comments?post=25570"}],"version-history":[{"count":0,"href":"https:\/\/redebeneditina.org.br\/pioxi\/wp-json\/wp\/v2\/posts\/25570\/revisions"}],"wp:featuredmedia":[{"embeddable":true,"href":"https:\/\/redebeneditina.org.br\/pioxi\/wp-json\/wp\/v2\/media\/25581"}],"wp:attachment":[{"href":"https:\/\/redebeneditina.org.br\/pioxi\/wp-json\/wp\/v2\/media?parent=25570"}],"wp:term":[{"taxonomy":"category","embeddable":true,"href":"https:\/\/redebeneditina.org.br\/pioxi\/wp-json\/wp\/v2\/categories?post=25570"},{"taxonomy":"post_tag","embeddable":true,"href":"https:\/\/redebeneditina.org.br\/pioxi\/wp-json\/wp\/v2\/tags?post=25570"}],"curies":[{"name":"wp","href":"https:\/\/api.w.org\/{rel}","templated":true}]}}