{"id":25582,"date":"2024-11-25T18:15:18","date_gmt":"2024-11-25T21:15:18","guid":{"rendered":"https:\/\/redebeneditina.org.br\/pioxi\/?p=25582"},"modified":"2024-11-26T18:17:46","modified_gmt":"2024-11-26T21:17:46","slug":"dia-da-consciencia-negra-pre-1","status":"publish","type":"post","link":"https:\/\/redebeneditina.org.br\/pioxi\/dia-da-consciencia-negra-pre-1\/","title":{"rendered":"Dia da Consci\u00eancia Negra &#8211; Pr\u00e9 1"},"content":{"rendered":"<p>Os alunos do Pr\u00e9 1, orientados pela professora Gabriella, aprenderam sobre o dia 20 de Novembro &#8211; Dia da Consci\u00eancia Negra.<\/p>\n<p>Tiveram participa\u00e7\u00f5es especiais na hist\u00f3ria &#8220;Menina bonita do la\u00e7o de fita&#8221;: tocaram seus instrumentos musicais confeccionados com materiais recicl\u00e1veis e da nossa escola para cantar e tocar nos refr\u00f5es.<\/p>\n<p>Os alunos aprenderam sobre respeito, amor, uni\u00e3o e compaix\u00e3o ao pr\u00f3ximo.<\/p>\n<p>Pr\u00e9 1 de m\u00e3os dadas contra o preconceito!<\/p>\nngg_shortcode_0_placeholder\n","protected":false},"excerpt":{"rendered":"<p>Os alunos do Pr\u00e9 1, orientados pela professora Gabriella, aprenderam sobre o dia 20 de Novembro &#8211; Dia da Consci\u00eancia Negra. Tiveram participa\u00e7\u00f5es especiais na hist\u00f3ria &#8220;Menina bonita do la\u00e7o de fita&#8221;: tocaram seus instrumentos musicais confeccionados com materiais recicl\u00e1veis e da nossa escola para cantar e tocar nos refr\u00f5es. Os alunos aprenderam sobre respeito,&#8230;<\/p>\n","protected":false},"author":4,"featured_media":25594,"comment_status":"closed","ping_status":"closed","sticky":false,"template":"","format":"standard","meta":{"_monsterinsights_skip_tracking":false,"_monsterinsights_sitenote_active":false,"_monsterinsights_sitenote_note":"","_monsterinsights_sitenote_category":0,"ngg_post_thumbnail":0,"footnotes":""},"categories":[106,88,82],"tags":[],"class_list":["post-25582","post","type-post","status-publish","format-standard","has-post-thumbnail","hentry","category-noticia-ano-2024","category-ed-infantil","category-noticias"],"_links":{"self":[{"href":"https:\/\/redebeneditina.org.br\/pioxi\/wp-json\/wp\/v2\/posts\/25582","targetHints":{"allow":["GET"]}}],"collection":[{"href":"https:\/\/redebeneditina.org.br\/pioxi\/wp-json\/wp\/v2\/posts"}],"about":[{"href":"https:\/\/redebeneditina.org.br\/pioxi\/wp-json\/wp\/v2\/types\/post"}],"author":[{"embeddable":true,"href":"https:\/\/redebeneditina.org.br\/pioxi\/wp-json\/wp\/v2\/users\/4"}],"replies":[{"embeddable":true,"href":"https:\/\/redebeneditina.org.br\/pioxi\/wp-json\/wp\/v2\/comments?post=25582"}],"version-history":[{"count":0,"href":"https:\/\/redebeneditina.org.br\/pioxi\/wp-json\/wp\/v2\/posts\/25582\/revisions"}],"wp:featuredmedia":[{"embeddable":true,"href":"https:\/\/redebeneditina.org.br\/pioxi\/wp-json\/wp\/v2\/media\/25594"}],"wp:attachment":[{"href":"https:\/\/redebeneditina.org.br\/pioxi\/wp-json\/wp\/v2\/media?parent=25582"}],"wp:term":[{"taxonomy":"category","embeddable":true,"href":"https:\/\/redebeneditina.org.br\/pioxi\/wp-json\/wp\/v2\/categories?post=25582"},{"taxonomy":"post_tag","embeddable":true,"href":"https:\/\/redebeneditina.org.br\/pioxi\/wp-json\/wp\/v2\/tags?post=25582"}],"curies":[{"name":"wp","href":"https:\/\/api.w.org\/{rel}","templated":true}]}}