{"id":25596,"date":"2024-11-26T18:22:55","date_gmt":"2024-11-26T21:22:55","guid":{"rendered":"https:\/\/redebeneditina.org.br\/pioxi\/?p=25596"},"modified":"2024-11-26T18:22:55","modified_gmt":"2024-11-26T21:22:55","slug":"gratidao-a-comunidade-escolar-pela-acao-solidaria","status":"publish","type":"post","link":"https:\/\/redebeneditina.org.br\/pioxi\/gratidao-a-comunidade-escolar-pela-acao-solidaria\/","title":{"rendered":"Gratid\u00e3o a comunidade escolar pela a\u00e7\u00e3o solid\u00e1ria"},"content":{"rendered":"<p>O Instituto Pio XI, com grande alegria e gratid\u00e3o, agradece a toda a comunidade escolar pela generosidade demonstrada durante a Semana da Crian\u00e7a.<\/p>\n<p>Gra\u00e7as \u00e0 colabora\u00e7\u00e3o dos alunos, pais, professores e funcion\u00e1rios, conseguimos realizar uma importante a\u00e7\u00e3o solid\u00e1ria em favor do Lar S\u00e3o Jos\u00e9.<\/p>\nngg_shortcode_0_placeholder\n<p>&nbsp;<\/p>\n","protected":false},"excerpt":{"rendered":"<p>O Instituto Pio XI, com grande alegria e gratid\u00e3o, agradece a toda a comunidade escolar pela generosidade demonstrada durante a Semana da Crian\u00e7a. Gra\u00e7as \u00e0 colabora\u00e7\u00e3o dos alunos, pais, professores e funcion\u00e1rios, conseguimos realizar uma importante a\u00e7\u00e3o solid\u00e1ria em favor do Lar S\u00e3o Jos\u00e9. &nbsp; &nbsp;<\/p>\n","protected":false},"author":4,"featured_media":25604,"comment_status":"closed","ping_status":"closed","sticky":false,"template":"","format":"standard","meta":{"_monsterinsights_skip_tracking":false,"_monsterinsights_sitenote_active":false,"_monsterinsights_sitenote_note":"","_monsterinsights_sitenote_category":0,"ngg_post_thumbnail":0,"footnotes":""},"categories":[106,88,89,90,91,82,95],"tags":[],"class_list":["post-25596","post","type-post","status-publish","format-standard","has-post-thumbnail","hentry","category-noticia-ano-2024","category-ed-infantil","category-ens-fund_i","category-ens-fund_ii","category-ens-medio","category-noticias","category-pastoral-escolar"],"_links":{"self":[{"href":"https:\/\/redebeneditina.org.br\/pioxi\/wp-json\/wp\/v2\/posts\/25596","targetHints":{"allow":["GET"]}}],"collection":[{"href":"https:\/\/redebeneditina.org.br\/pioxi\/wp-json\/wp\/v2\/posts"}],"about":[{"href":"https:\/\/redebeneditina.org.br\/pioxi\/wp-json\/wp\/v2\/types\/post"}],"author":[{"embeddable":true,"href":"https:\/\/redebeneditina.org.br\/pioxi\/wp-json\/wp\/v2\/users\/4"}],"replies":[{"embeddable":true,"href":"https:\/\/redebeneditina.org.br\/pioxi\/wp-json\/wp\/v2\/comments?post=25596"}],"version-history":[{"count":0,"href":"https:\/\/redebeneditina.org.br\/pioxi\/wp-json\/wp\/v2\/posts\/25596\/revisions"}],"wp:featuredmedia":[{"embeddable":true,"href":"https:\/\/redebeneditina.org.br\/pioxi\/wp-json\/wp\/v2\/media\/25604"}],"wp:attachment":[{"href":"https:\/\/redebeneditina.org.br\/pioxi\/wp-json\/wp\/v2\/media?parent=25596"}],"wp:term":[{"taxonomy":"category","embeddable":true,"href":"https:\/\/redebeneditina.org.br\/pioxi\/wp-json\/wp\/v2\/categories?post=25596"},{"taxonomy":"post_tag","embeddable":true,"href":"https:\/\/redebeneditina.org.br\/pioxi\/wp-json\/wp\/v2\/tags?post=25596"}],"curies":[{"name":"wp","href":"https:\/\/api.w.org\/{rel}","templated":true}]}}