{"id":25609,"date":"2024-11-26T18:38:19","date_gmt":"2024-11-26T21:38:19","guid":{"rendered":"https:\/\/redebeneditina.org.br\/pioxi\/?p=25609"},"modified":"2024-11-26T18:38:19","modified_gmt":"2024-11-26T21:38:19","slug":"acao-de-gracas-gratidao-a-todos-os-colaboradores-do-instituto-pio-xi","status":"publish","type":"post","link":"https:\/\/redebeneditina.org.br\/pioxi\/acao-de-gracas-gratidao-a-todos-os-colaboradores-do-instituto-pio-xi\/","title":{"rendered":"A\u00e7\u00e3o de Gra\u00e7as &#8211; Gratid\u00e3o a todos os colaboradores do Instituto Pio XI"},"content":{"rendered":"<p>Na Semana de A\u00e7\u00e3o de Gra\u00e7as, o Instituto Pio XI, com mais de 87 anos de hist\u00f3ria, se re\u00fane em um gesto de gratid\u00e3o.<\/p>\n<p>Gratid\u00e3o a todos os colaboradores que, ao longo dessas d\u00e9cadas, contribu\u00edram para a constru\u00e7\u00e3o dessa rica trajet\u00f3ria de ensino, acolhimento e educa\u00e7\u00e3o.<\/p>\n<p>Agradecemos a cada um que fez e que faz parte da nossa caminhada, oferecendo seu talento, dedica\u00e7\u00e3o e empenho, deixando um legado que ecoa em nossa hist\u00f3ria.<\/p>\n<p>Confira o v\u00eddeo do Instagram: <a href=\"https:\/\/www.instagram.com\/p\/DC1oOyKRVu0\/\">https:\/\/www.instagram.com\/p\/DC1oOyKRVu0\/<\/a><\/p>\n<p>&nbsp;<\/p>\n","protected":false},"excerpt":{"rendered":"<p>Na Semana de A\u00e7\u00e3o de Gra\u00e7as, o Instituto Pio XI, com mais de 87 anos de hist\u00f3ria, se re\u00fane em um gesto de gratid\u00e3o. Gratid\u00e3o a todos os colaboradores que, ao longo dessas d\u00e9cadas, contribu\u00edram para a constru\u00e7\u00e3o dessa rica trajet\u00f3ria de ensino, acolhimento e educa\u00e7\u00e3o. Agradecemos a cada um que fez e que faz&#8230;<\/p>\n","protected":false},"author":4,"featured_media":25610,"comment_status":"closed","ping_status":"closed","sticky":false,"template":"","format":"standard","meta":{"_monsterinsights_skip_tracking":false,"_monsterinsights_sitenote_active":false,"_monsterinsights_sitenote_note":"","_monsterinsights_sitenote_category":0,"ngg_post_thumbnail":0,"footnotes":""},"categories":[106,88,89,90,91,82,95],"tags":[],"class_list":["post-25609","post","type-post","status-publish","format-standard","has-post-thumbnail","hentry","category-noticia-ano-2024","category-ed-infantil","category-ens-fund_i","category-ens-fund_ii","category-ens-medio","category-noticias","category-pastoral-escolar"],"_links":{"self":[{"href":"https:\/\/redebeneditina.org.br\/pioxi\/wp-json\/wp\/v2\/posts\/25609","targetHints":{"allow":["GET"]}}],"collection":[{"href":"https:\/\/redebeneditina.org.br\/pioxi\/wp-json\/wp\/v2\/posts"}],"about":[{"href":"https:\/\/redebeneditina.org.br\/pioxi\/wp-json\/wp\/v2\/types\/post"}],"author":[{"embeddable":true,"href":"https:\/\/redebeneditina.org.br\/pioxi\/wp-json\/wp\/v2\/users\/4"}],"replies":[{"embeddable":true,"href":"https:\/\/redebeneditina.org.br\/pioxi\/wp-json\/wp\/v2\/comments?post=25609"}],"version-history":[{"count":0,"href":"https:\/\/redebeneditina.org.br\/pioxi\/wp-json\/wp\/v2\/posts\/25609\/revisions"}],"wp:featuredmedia":[{"embeddable":true,"href":"https:\/\/redebeneditina.org.br\/pioxi\/wp-json\/wp\/v2\/media\/25610"}],"wp:attachment":[{"href":"https:\/\/redebeneditina.org.br\/pioxi\/wp-json\/wp\/v2\/media?parent=25609"}],"wp:term":[{"taxonomy":"category","embeddable":true,"href":"https:\/\/redebeneditina.org.br\/pioxi\/wp-json\/wp\/v2\/categories?post=25609"},{"taxonomy":"post_tag","embeddable":true,"href":"https:\/\/redebeneditina.org.br\/pioxi\/wp-json\/wp\/v2\/tags?post=25609"}],"curies":[{"name":"wp","href":"https:\/\/api.w.org\/{rel}","templated":true}]}}