{"id":25614,"date":"2024-11-26T18:43:50","date_gmt":"2024-11-26T21:43:50","guid":{"rendered":"https:\/\/redebeneditina.org.br\/pioxi\/?p=25614"},"modified":"2024-11-26T18:43:50","modified_gmt":"2024-11-26T21:43:50","slug":"escola-aberta-do-instituto-pio-xi-30-11","status":"publish","type":"post","link":"https:\/\/redebeneditina.org.br\/pioxi\/escola-aberta-do-instituto-pio-xi-30-11\/","title":{"rendered":"Escola Aberta do Instituto Pio XI &#8211; 30\/11"},"content":{"rendered":"<p>O Instituto Pio XI convida voc\u00ea para uma manh\u00e3 especial, de portas abertas, no dia 30 de novembro, a partir das 9h!<\/p>\n<p>Venha conhecer nossos espa\u00e7os, nossa proposta pedag\u00f3gica e tudo o que fazemos para a forma\u00e7\u00e3o integral, humanista e crist\u00e3 dos nossos alunos. Ser\u00e1 uma oportunidade \u00fanica para descobrir como o Instituto Pio XI, com 87 anos de tradi\u00e7\u00e3o na regi\u00e3o da Leopoldina, pode ser o ambiente ideal para a educa\u00e7\u00e3o dos seus filhos.<\/p>\n<p>Agende sua visita agora mesmo!<\/p>\n<p>\ud83d\udd17Acesse e preencha o link: <a href=\"https:\/\/forms.gle\/cfdRbicMteBDmYov9\">https:\/\/forms.gle\/cfdRbicMteBDmYov9<\/a> ou entre em contato atrav\u00e9s do n\u00famero 21 3194-1400 ou whatsapp 99683 3909.<\/p>\n<p>N\u00e3o perca essa chance de conhecer o nosso jeito de ser e fazer parte da nossa hist\u00f3ria!<\/p>\n<p>Esperamos por voc\u00ea em 2025!<\/p>\n<p>Instituto Pio XI &#8211; Acolhendo, Assistindo e Educando.<\/p>\n","protected":false},"excerpt":{"rendered":"<p>O Instituto Pio XI convida voc\u00ea para uma manh\u00e3 especial, de portas abertas, no dia 30 de novembro, a partir das 9h! Venha conhecer nossos espa\u00e7os, nossa proposta pedag\u00f3gica e tudo o que fazemos para a forma\u00e7\u00e3o integral, humanista e crist\u00e3 dos nossos alunos. Ser\u00e1 uma oportunidade \u00fanica para descobrir como o Instituto Pio XI,&#8230;<\/p>\n","protected":false},"author":4,"featured_media":25615,"comment_status":"closed","ping_status":"closed","sticky":false,"template":"","format":"standard","meta":{"_monsterinsights_skip_tracking":false,"_monsterinsights_sitenote_active":false,"_monsterinsights_sitenote_note":"","_monsterinsights_sitenote_category":0,"ngg_post_thumbnail":0,"footnotes":""},"categories":[106,88,89,90,91,82],"tags":[],"class_list":["post-25614","post","type-post","status-publish","format-standard","has-post-thumbnail","hentry","category-noticia-ano-2024","category-ed-infantil","category-ens-fund_i","category-ens-fund_ii","category-ens-medio","category-noticias"],"_links":{"self":[{"href":"https:\/\/redebeneditina.org.br\/pioxi\/wp-json\/wp\/v2\/posts\/25614","targetHints":{"allow":["GET"]}}],"collection":[{"href":"https:\/\/redebeneditina.org.br\/pioxi\/wp-json\/wp\/v2\/posts"}],"about":[{"href":"https:\/\/redebeneditina.org.br\/pioxi\/wp-json\/wp\/v2\/types\/post"}],"author":[{"embeddable":true,"href":"https:\/\/redebeneditina.org.br\/pioxi\/wp-json\/wp\/v2\/users\/4"}],"replies":[{"embeddable":true,"href":"https:\/\/redebeneditina.org.br\/pioxi\/wp-json\/wp\/v2\/comments?post=25614"}],"version-history":[{"count":0,"href":"https:\/\/redebeneditina.org.br\/pioxi\/wp-json\/wp\/v2\/posts\/25614\/revisions"}],"wp:featuredmedia":[{"embeddable":true,"href":"https:\/\/redebeneditina.org.br\/pioxi\/wp-json\/wp\/v2\/media\/25615"}],"wp:attachment":[{"href":"https:\/\/redebeneditina.org.br\/pioxi\/wp-json\/wp\/v2\/media?parent=25614"}],"wp:term":[{"taxonomy":"category","embeddable":true,"href":"https:\/\/redebeneditina.org.br\/pioxi\/wp-json\/wp\/v2\/categories?post=25614"},{"taxonomy":"post_tag","embeddable":true,"href":"https:\/\/redebeneditina.org.br\/pioxi\/wp-json\/wp\/v2\/tags?post=25614"}],"curies":[{"name":"wp","href":"https:\/\/api.w.org\/{rel}","templated":true}]}}