{"id":25617,"date":"2024-11-26T18:47:19","date_gmt":"2024-11-26T21:47:19","guid":{"rendered":"https:\/\/redebeneditina.org.br\/pioxi\/?p=25617"},"modified":"2024-11-26T18:47:19","modified_gmt":"2024-11-26T21:47:19","slug":"auto-de-natal-no-instituto-pio-xi","status":"publish","type":"post","link":"https:\/\/redebeneditina.org.br\/pioxi\/auto-de-natal-no-instituto-pio-xi\/","title":{"rendered":"Auto de Natal no Instituto Pio XI"},"content":{"rendered":"<p>\ud83c\udf84\u2728 O esp\u00edrito natalino est\u00e1 entre n\u00f3s! \u2728\ud83c\udf84<\/p>\n<p>O Instituto Pio XI tem a alegria de convidar toda a comunidade escolar para o tradicional Auto de Natal, com apresenta\u00e7\u00f5es emocionantes dos nossos alunos da Educa\u00e7\u00e3o Infantil ao 5\u00ba Ano do Ensino Fundamental I.<\/p>\n<p>\ud83d\uddd3 Data: 7 de dezembro, s\u00e1bado<br \/>\n\u23f0 Hor\u00e1rio: 10h<br \/>\n\ud83d\udccd Local: Gin\u00e1sio S\u00e3o Jos\u00e9<\/p>\n<p>Venha celebrar conosco esse momento especial de f\u00e9, arte e uni\u00e3o. Ser\u00e1 uma manh\u00e3 cheia de encanto e significados para toda a fam\u00edlia!<\/p>\n<p>Confira o v\u00eddeo em nosso Instagram: <a href=\"https:\/\/www.instagram.com\/p\/DCu-5UzxnCm\/\">https:\/\/www.instagram.com\/p\/DCu-5UzxnCm\/<\/a><\/p>\n","protected":false},"excerpt":{"rendered":"<p>\ud83c\udf84\u2728 O esp\u00edrito natalino est\u00e1 entre n\u00f3s! \u2728\ud83c\udf84 O Instituto Pio XI tem a alegria de convidar toda a comunidade escolar para o tradicional Auto de Natal, com apresenta\u00e7\u00f5es emocionantes dos nossos alunos da Educa\u00e7\u00e3o Infantil ao 5\u00ba Ano do Ensino Fundamental I. \ud83d\uddd3 Data: 7 de dezembro, s\u00e1bado \u23f0 Hor\u00e1rio: 10h \ud83d\udccd Local: Gin\u00e1sio&#8230;<\/p>\n","protected":false},"author":4,"featured_media":25618,"comment_status":"closed","ping_status":"closed","sticky":false,"template":"","format":"standard","meta":{"_monsterinsights_skip_tracking":false,"_monsterinsights_sitenote_active":false,"_monsterinsights_sitenote_note":"","_monsterinsights_sitenote_category":0,"ngg_post_thumbnail":0,"footnotes":""},"categories":[106,88,89,82,95],"tags":[],"class_list":["post-25617","post","type-post","status-publish","format-standard","has-post-thumbnail","hentry","category-noticia-ano-2024","category-ed-infantil","category-ens-fund_i","category-noticias","category-pastoral-escolar"],"_links":{"self":[{"href":"https:\/\/redebeneditina.org.br\/pioxi\/wp-json\/wp\/v2\/posts\/25617","targetHints":{"allow":["GET"]}}],"collection":[{"href":"https:\/\/redebeneditina.org.br\/pioxi\/wp-json\/wp\/v2\/posts"}],"about":[{"href":"https:\/\/redebeneditina.org.br\/pioxi\/wp-json\/wp\/v2\/types\/post"}],"author":[{"embeddable":true,"href":"https:\/\/redebeneditina.org.br\/pioxi\/wp-json\/wp\/v2\/users\/4"}],"replies":[{"embeddable":true,"href":"https:\/\/redebeneditina.org.br\/pioxi\/wp-json\/wp\/v2\/comments?post=25617"}],"version-history":[{"count":0,"href":"https:\/\/redebeneditina.org.br\/pioxi\/wp-json\/wp\/v2\/posts\/25617\/revisions"}],"wp:featuredmedia":[{"embeddable":true,"href":"https:\/\/redebeneditina.org.br\/pioxi\/wp-json\/wp\/v2\/media\/25618"}],"wp:attachment":[{"href":"https:\/\/redebeneditina.org.br\/pioxi\/wp-json\/wp\/v2\/media?parent=25617"}],"wp:term":[{"taxonomy":"category","embeddable":true,"href":"https:\/\/redebeneditina.org.br\/pioxi\/wp-json\/wp\/v2\/categories?post=25617"},{"taxonomy":"post_tag","embeddable":true,"href":"https:\/\/redebeneditina.org.br\/pioxi\/wp-json\/wp\/v2\/tags?post=25617"}],"curies":[{"name":"wp","href":"https:\/\/api.w.org\/{rel}","templated":true}]}}