{"id":25623,"date":"2024-11-27T15:51:02","date_gmt":"2024-11-27T18:51:02","guid":{"rendered":"https:\/\/redebeneditina.org.br\/pioxi\/?p=25623"},"modified":"2024-11-27T15:51:02","modified_gmt":"2024-11-27T18:51:02","slug":"aula-de-laboratorio-separando-misturas-6o-ano","status":"publish","type":"post","link":"https:\/\/redebeneditina.org.br\/pioxi\/aula-de-laboratorio-separando-misturas-6o-ano\/","title":{"rendered":"Aula de laborat\u00f3rio: separando misturas &#8211; 6\u00ba ano"},"content":{"rendered":"<p>O que fizemos: exploramos misturas do dia a dia (\u00e1gua com \u00f3leo).<\/p>\n<p>Experimentamos: m\u00e9todo de decanta\u00e7\u00e3o.<\/p>\n<p>Observamos: a separa\u00e7\u00e3o dos componentes da mistura.<\/p>\n<p>Aprendemos: a diferen\u00e7a &nbsp;entre misturas homog\u00eaneas e misturas heterog\u00eaneas.<\/p>\nngg_shortcode_0_placeholder\n","protected":false},"excerpt":{"rendered":"<p>O que fizemos: exploramos misturas do dia a dia (\u00e1gua com \u00f3leo). Experimentamos: m\u00e9todo de decanta\u00e7\u00e3o. Observamos: a separa\u00e7\u00e3o dos componentes da mistura. Aprendemos: a diferen\u00e7a &nbsp;entre misturas homog\u00eaneas e misturas heterog\u00eaneas.<\/p>\n","protected":false},"author":4,"featured_media":25632,"comment_status":"closed","ping_status":"closed","sticky":false,"template":"","format":"standard","meta":{"_monsterinsights_skip_tracking":false,"_monsterinsights_sitenote_active":false,"_monsterinsights_sitenote_note":"","_monsterinsights_sitenote_category":0,"ngg_post_thumbnail":0,"footnotes":""},"categories":[106,90,82],"tags":[],"class_list":["post-25623","post","type-post","status-publish","format-standard","has-post-thumbnail","hentry","category-noticia-ano-2024","category-ens-fund_ii","category-noticias"],"_links":{"self":[{"href":"https:\/\/redebeneditina.org.br\/pioxi\/wp-json\/wp\/v2\/posts\/25623","targetHints":{"allow":["GET"]}}],"collection":[{"href":"https:\/\/redebeneditina.org.br\/pioxi\/wp-json\/wp\/v2\/posts"}],"about":[{"href":"https:\/\/redebeneditina.org.br\/pioxi\/wp-json\/wp\/v2\/types\/post"}],"author":[{"embeddable":true,"href":"https:\/\/redebeneditina.org.br\/pioxi\/wp-json\/wp\/v2\/users\/4"}],"replies":[{"embeddable":true,"href":"https:\/\/redebeneditina.org.br\/pioxi\/wp-json\/wp\/v2\/comments?post=25623"}],"version-history":[{"count":0,"href":"https:\/\/redebeneditina.org.br\/pioxi\/wp-json\/wp\/v2\/posts\/25623\/revisions"}],"wp:featuredmedia":[{"embeddable":true,"href":"https:\/\/redebeneditina.org.br\/pioxi\/wp-json\/wp\/v2\/media\/25632"}],"wp:attachment":[{"href":"https:\/\/redebeneditina.org.br\/pioxi\/wp-json\/wp\/v2\/media?parent=25623"}],"wp:term":[{"taxonomy":"category","embeddable":true,"href":"https:\/\/redebeneditina.org.br\/pioxi\/wp-json\/wp\/v2\/categories?post=25623"},{"taxonomy":"post_tag","embeddable":true,"href":"https:\/\/redebeneditina.org.br\/pioxi\/wp-json\/wp\/v2\/tags?post=25623"}],"curies":[{"name":"wp","href":"https:\/\/api.w.org\/{rel}","templated":true}]}}