{"id":25731,"date":"2024-11-29T13:25:00","date_gmt":"2024-11-29T16:25:00","guid":{"rendered":"https:\/\/redebeneditina.org.br\/pioxi\/?p=25731"},"modified":"2024-11-29T13:25:00","modified_gmt":"2024-11-29T16:25:00","slug":"jardim-sensorial-maternal-2","status":"publish","type":"post","link":"https:\/\/redebeneditina.org.br\/pioxi\/jardim-sensorial-maternal-2\/","title":{"rendered":"Jardim sensorial &#8211; Maternal 2"},"content":{"rendered":"<p>A turma do Maternal 2, orientada pela professora Carla, explorou o jardim sensorial da escola, para descobrir texturas e aromas diferentes.<\/p>\n<p>As crian\u00e7as tiveram a oportunidade de montar o seu vaso sensorial com pedra, tampinha e algumas plantas com diferentes aromas.<\/p>\n<p>\u00c9 maravilhoso esse contato com a natureza e poder usufruir desse lindo espa\u00e7o de nossa institui\u00e7\u00e3o.<\/p>\nngg_shortcode_0_placeholder\n","protected":false},"excerpt":{"rendered":"<p>A turma do Maternal 2, orientada pela professora Carla, explorou o jardim sensorial da escola, para descobrir texturas e aromas diferentes. As crian\u00e7as tiveram a oportunidade de montar o seu vaso sensorial com pedra, tampinha e algumas plantas com diferentes aromas. \u00c9 maravilhoso esse contato com a natureza e poder usufruir desse lindo espa\u00e7o de&#8230;<\/p>\n","protected":false},"author":4,"featured_media":25742,"comment_status":"closed","ping_status":"closed","sticky":false,"template":"","format":"standard","meta":{"_monsterinsights_skip_tracking":false,"_monsterinsights_sitenote_active":false,"_monsterinsights_sitenote_note":"","_monsterinsights_sitenote_category":0,"ngg_post_thumbnail":0,"footnotes":""},"categories":[106,88,82],"tags":[],"class_list":["post-25731","post","type-post","status-publish","format-standard","has-post-thumbnail","hentry","category-noticia-ano-2024","category-ed-infantil","category-noticias"],"_links":{"self":[{"href":"https:\/\/redebeneditina.org.br\/pioxi\/wp-json\/wp\/v2\/posts\/25731","targetHints":{"allow":["GET"]}}],"collection":[{"href":"https:\/\/redebeneditina.org.br\/pioxi\/wp-json\/wp\/v2\/posts"}],"about":[{"href":"https:\/\/redebeneditina.org.br\/pioxi\/wp-json\/wp\/v2\/types\/post"}],"author":[{"embeddable":true,"href":"https:\/\/redebeneditina.org.br\/pioxi\/wp-json\/wp\/v2\/users\/4"}],"replies":[{"embeddable":true,"href":"https:\/\/redebeneditina.org.br\/pioxi\/wp-json\/wp\/v2\/comments?post=25731"}],"version-history":[{"count":0,"href":"https:\/\/redebeneditina.org.br\/pioxi\/wp-json\/wp\/v2\/posts\/25731\/revisions"}],"wp:featuredmedia":[{"embeddable":true,"href":"https:\/\/redebeneditina.org.br\/pioxi\/wp-json\/wp\/v2\/media\/25742"}],"wp:attachment":[{"href":"https:\/\/redebeneditina.org.br\/pioxi\/wp-json\/wp\/v2\/media?parent=25731"}],"wp:term":[{"taxonomy":"category","embeddable":true,"href":"https:\/\/redebeneditina.org.br\/pioxi\/wp-json\/wp\/v2\/categories?post=25731"},{"taxonomy":"post_tag","embeddable":true,"href":"https:\/\/redebeneditina.org.br\/pioxi\/wp-json\/wp\/v2\/tags?post=25731"}],"curies":[{"name":"wp","href":"https:\/\/api.w.org\/{rel}","templated":true}]}}