{"id":25744,"date":"2024-11-29T19:22:26","date_gmt":"2024-11-29T22:22:26","guid":{"rendered":"https:\/\/redebeneditina.org.br\/pioxi\/?p=25744"},"modified":"2024-11-29T19:22:26","modified_gmt":"2024-11-29T22:22:26","slug":"aula-show-5o-ano","status":"publish","type":"post","link":"https:\/\/redebeneditina.org.br\/pioxi\/aula-show-5o-ano\/","title":{"rendered":"Aula Show &#8211; 5\u00ba ano"},"content":{"rendered":"<p>A Aula Show foi uma oportunidade \u00fanica para integrar os alunos do EF5 \u00e0 rotina pedag\u00f3gica do EF6, que ter\u00e1 in\u00edcio em 2025.<\/p>\n<p>Um projeto que prepara, inspira e motiva os alunos para os novos desafios que est\u00e3o por vir!<\/p>\nngg_shortcode_0_placeholder\n<p>&nbsp;<\/p>\n","protected":false},"excerpt":{"rendered":"<p>A Aula Show foi uma oportunidade \u00fanica para integrar os alunos do EF5 \u00e0 rotina pedag\u00f3gica do EF6, que ter\u00e1 in\u00edcio em 2025. Um projeto que prepara, inspira e motiva os alunos para os novos desafios que est\u00e3o por vir! &nbsp; &nbsp;<\/p>\n","protected":false},"author":4,"featured_media":25775,"comment_status":"closed","ping_status":"closed","sticky":false,"template":"","format":"standard","meta":{"_monsterinsights_skip_tracking":false,"_monsterinsights_sitenote_active":false,"_monsterinsights_sitenote_note":"","_monsterinsights_sitenote_category":0,"ngg_post_thumbnail":0,"footnotes":""},"categories":[106,89,82],"tags":[],"class_list":["post-25744","post","type-post","status-publish","format-standard","has-post-thumbnail","hentry","category-noticia-ano-2024","category-ens-fund_i","category-noticias"],"_links":{"self":[{"href":"https:\/\/redebeneditina.org.br\/pioxi\/wp-json\/wp\/v2\/posts\/25744","targetHints":{"allow":["GET"]}}],"collection":[{"href":"https:\/\/redebeneditina.org.br\/pioxi\/wp-json\/wp\/v2\/posts"}],"about":[{"href":"https:\/\/redebeneditina.org.br\/pioxi\/wp-json\/wp\/v2\/types\/post"}],"author":[{"embeddable":true,"href":"https:\/\/redebeneditina.org.br\/pioxi\/wp-json\/wp\/v2\/users\/4"}],"replies":[{"embeddable":true,"href":"https:\/\/redebeneditina.org.br\/pioxi\/wp-json\/wp\/v2\/comments?post=25744"}],"version-history":[{"count":0,"href":"https:\/\/redebeneditina.org.br\/pioxi\/wp-json\/wp\/v2\/posts\/25744\/revisions"}],"wp:featuredmedia":[{"embeddable":true,"href":"https:\/\/redebeneditina.org.br\/pioxi\/wp-json\/wp\/v2\/media\/25775"}],"wp:attachment":[{"href":"https:\/\/redebeneditina.org.br\/pioxi\/wp-json\/wp\/v2\/media?parent=25744"}],"wp:term":[{"taxonomy":"category","embeddable":true,"href":"https:\/\/redebeneditina.org.br\/pioxi\/wp-json\/wp\/v2\/categories?post=25744"},{"taxonomy":"post_tag","embeddable":true,"href":"https:\/\/redebeneditina.org.br\/pioxi\/wp-json\/wp\/v2\/tags?post=25744"}],"curies":[{"name":"wp","href":"https:\/\/api.w.org\/{rel}","templated":true}]}}