{"id":25787,"date":"2024-12-02T09:19:28","date_gmt":"2024-12-02T12:19:28","guid":{"rendered":"https:\/\/redebeneditina.org.br\/pioxi\/?p=25787"},"modified":"2024-12-04T09:33:01","modified_gmt":"2024-12-04T12:33:01","slug":"escola-aberta-no-instituto-pio-xi","status":"publish","type":"post","link":"https:\/\/redebeneditina.org.br\/pioxi\/escola-aberta-no-instituto-pio-xi\/","title":{"rendered":"Escola Aberta no Instituto Pio XI"},"content":{"rendered":"<p>Recebemos com alegria no dia 30\/11, s\u00e1bado, nossos futuros alunos e suas fam\u00edlias para o Dia da Escola Aberta, onde puderam conhecer de perto nossa proposta pedag\u00f3gica inovadora e nossas instala\u00e7\u00f5es.&nbsp;<\/p>\n<p>Uma oportunidade \u00fanica para entenderem como preparamos nossos estudantes para o futuro, com excel\u00eancia e dedica\u00e7\u00e3o.&nbsp;<\/p>\n<p>Os alunos participaram de oficinas de arteterapia e planta\u00e7\u00e3o.&nbsp;<\/p>\n<p>Esperamos voc\u00eas em 2025.&nbsp;<\/p>\n<div>ngg_shortcode_0_placeholder<\/div>\n","protected":false},"excerpt":{"rendered":"<p>Recebemos com alegria no dia 30\/11, s\u00e1bado, nossos futuros alunos e suas fam\u00edlias para o Dia da Escola Aberta, onde puderam conhecer de perto nossa proposta pedag\u00f3gica inovadora e nossas instala\u00e7\u00f5es.&nbsp; Uma oportunidade \u00fanica para entenderem como preparamos nossos estudantes para o futuro, com excel\u00eancia e dedica\u00e7\u00e3o.&nbsp; Os alunos participaram de oficinas de arteterapia e&#8230;<\/p>\n","protected":false},"author":4,"featured_media":25806,"comment_status":"closed","ping_status":"closed","sticky":false,"template":"","format":"standard","meta":{"_monsterinsights_skip_tracking":false,"_monsterinsights_sitenote_active":false,"_monsterinsights_sitenote_note":"","_monsterinsights_sitenote_category":0,"ngg_post_thumbnail":0,"footnotes":""},"categories":[106,88,89,90,91,82],"tags":[],"class_list":["post-25787","post","type-post","status-publish","format-standard","has-post-thumbnail","hentry","category-noticia-ano-2024","category-ed-infantil","category-ens-fund_i","category-ens-fund_ii","category-ens-medio","category-noticias"],"_links":{"self":[{"href":"https:\/\/redebeneditina.org.br\/pioxi\/wp-json\/wp\/v2\/posts\/25787","targetHints":{"allow":["GET"]}}],"collection":[{"href":"https:\/\/redebeneditina.org.br\/pioxi\/wp-json\/wp\/v2\/posts"}],"about":[{"href":"https:\/\/redebeneditina.org.br\/pioxi\/wp-json\/wp\/v2\/types\/post"}],"author":[{"embeddable":true,"href":"https:\/\/redebeneditina.org.br\/pioxi\/wp-json\/wp\/v2\/users\/4"}],"replies":[{"embeddable":true,"href":"https:\/\/redebeneditina.org.br\/pioxi\/wp-json\/wp\/v2\/comments?post=25787"}],"version-history":[{"count":0,"href":"https:\/\/redebeneditina.org.br\/pioxi\/wp-json\/wp\/v2\/posts\/25787\/revisions"}],"wp:featuredmedia":[{"embeddable":true,"href":"https:\/\/redebeneditina.org.br\/pioxi\/wp-json\/wp\/v2\/media\/25806"}],"wp:attachment":[{"href":"https:\/\/redebeneditina.org.br\/pioxi\/wp-json\/wp\/v2\/media?parent=25787"}],"wp:term":[{"taxonomy":"category","embeddable":true,"href":"https:\/\/redebeneditina.org.br\/pioxi\/wp-json\/wp\/v2\/categories?post=25787"},{"taxonomy":"post_tag","embeddable":true,"href":"https:\/\/redebeneditina.org.br\/pioxi\/wp-json\/wp\/v2\/tags?post=25787"}],"curies":[{"name":"wp","href":"https:\/\/api.w.org\/{rel}","templated":true}]}}