{"id":25808,"date":"2024-12-02T09:20:28","date_gmt":"2024-12-02T12:20:28","guid":{"rendered":"https:\/\/redebeneditina.org.br\/pioxi\/?p=25808"},"modified":"2024-12-04T09:22:20","modified_gmt":"2024-12-04T12:22:20","slug":"novembro-azul-no-instituto-pio-xi","status":"publish","type":"post","link":"https:\/\/redebeneditina.org.br\/pioxi\/novembro-azul-no-instituto-pio-xi\/","title":{"rendered":"Novembro Azul no Instituto Pio XI"},"content":{"rendered":"<p style=\"font-weight: 400;\">NOVEMBRO AZUL NO INSTITUTO PIO XI: JUNTOS PELA PREVEN\u00c7\u00c3O DO C\u00c2NCER DE PR\u00d3STATA!!<\/p>\n<p style=\"font-weight: 400;\">O Novembro Azul foi um sucesso na nossa escola!<\/p>\n<p style=\"font-weight: 400;\">Entregamos deliciosos bombons para os homens da nossa comunidade escolar, como um gesto de carinho e cuidado.<\/p>\n<p style=\"font-weight: 400;\">A Patrulha Escolar em visita de rotina, participou da Campanha de conscientiza\u00e7\u00e3o do Novembro Azul.<\/p>\nngg_shortcode_0_placeholder\n","protected":false},"excerpt":{"rendered":"<p>NOVEMBRO AZUL NO INSTITUTO PIO XI: JUNTOS PELA PREVEN\u00c7\u00c3O DO C\u00c2NCER DE PR\u00d3STATA!! O Novembro Azul foi um sucesso na nossa escola! Entregamos deliciosos bombons para os homens da nossa comunidade escolar, como um gesto de carinho e cuidado. A Patrulha Escolar em visita de rotina, participou da Campanha de conscientiza\u00e7\u00e3o do Novembro Azul. &nbsp;<\/p>\n","protected":false},"author":4,"featured_media":25872,"comment_status":"closed","ping_status":"closed","sticky":false,"template":"","format":"standard","meta":{"_monsterinsights_skip_tracking":false,"_monsterinsights_sitenote_active":false,"_monsterinsights_sitenote_note":"","_monsterinsights_sitenote_category":0,"ngg_post_thumbnail":0,"footnotes":""},"categories":[106,89,90,91,82],"tags":[],"class_list":["post-25808","post","type-post","status-publish","format-standard","has-post-thumbnail","hentry","category-noticia-ano-2024","category-ens-fund_i","category-ens-fund_ii","category-ens-medio","category-noticias"],"_links":{"self":[{"href":"https:\/\/redebeneditina.org.br\/pioxi\/wp-json\/wp\/v2\/posts\/25808","targetHints":{"allow":["GET"]}}],"collection":[{"href":"https:\/\/redebeneditina.org.br\/pioxi\/wp-json\/wp\/v2\/posts"}],"about":[{"href":"https:\/\/redebeneditina.org.br\/pioxi\/wp-json\/wp\/v2\/types\/post"}],"author":[{"embeddable":true,"href":"https:\/\/redebeneditina.org.br\/pioxi\/wp-json\/wp\/v2\/users\/4"}],"replies":[{"embeddable":true,"href":"https:\/\/redebeneditina.org.br\/pioxi\/wp-json\/wp\/v2\/comments?post=25808"}],"version-history":[{"count":0,"href":"https:\/\/redebeneditina.org.br\/pioxi\/wp-json\/wp\/v2\/posts\/25808\/revisions"}],"wp:featuredmedia":[{"embeddable":true,"href":"https:\/\/redebeneditina.org.br\/pioxi\/wp-json\/wp\/v2\/media\/25872"}],"wp:attachment":[{"href":"https:\/\/redebeneditina.org.br\/pioxi\/wp-json\/wp\/v2\/media?parent=25808"}],"wp:term":[{"taxonomy":"category","embeddable":true,"href":"https:\/\/redebeneditina.org.br\/pioxi\/wp-json\/wp\/v2\/categories?post=25808"},{"taxonomy":"post_tag","embeddable":true,"href":"https:\/\/redebeneditina.org.br\/pioxi\/wp-json\/wp\/v2\/tags?post=25808"}],"curies":[{"name":"wp","href":"https:\/\/api.w.org\/{rel}","templated":true}]}}