{"id":25891,"date":"2024-12-20T08:59:06","date_gmt":"2024-12-20T11:59:06","guid":{"rendered":"https:\/\/redebeneditina.org.br\/pioxi\/?p=25891"},"modified":"2024-12-20T08:59:36","modified_gmt":"2024-12-20T11:59:36","slug":"aguenta-coracao-5o-ano","status":"publish","type":"post","link":"https:\/\/redebeneditina.org.br\/pioxi\/aguenta-coracao-5o-ano\/","title":{"rendered":"Aguenta Cora\u00e7\u00e3o &#8211; 5\u00ba ano"},"content":{"rendered":"<div dir=\"auto\">Os alunos do 5\u00b0 ano participaram de uma atividade socioemocional com o AGUENTA CORA\u00c7\u00c3O.<\/div>\n<div dir=\"auto\">Uma atividade em parceria com as fam\u00edlias e escola, onde receberam cartinhas de incentivo rumo ao novo segmento de 2025.<\/div>\n<div dir=\"auto\">A emo\u00e7\u00e3o contagiou os cora\u00e7\u00f5es dos nossos alunos.<\/div>\n<div dir=\"auto\">Agradecemos a participa\u00e7\u00e3o de todos os envolvidos nesta linda homenagem.&nbsp;<\/div>\n<div dir=\"auto\">ngg_shortcode_0_placeholder<\/div>\n","protected":false},"excerpt":{"rendered":"<p>Os alunos do 5\u00b0 ano participaram de uma atividade socioemocional com o AGUENTA CORA\u00c7\u00c3O. Uma atividade em parceria com as fam\u00edlias e escola, onde receberam cartinhas de incentivo rumo ao novo segmento de 2025. A emo\u00e7\u00e3o contagiou os cora\u00e7\u00f5es dos nossos alunos. Agradecemos a participa\u00e7\u00e3o de todos os envolvidos nesta linda homenagem.&nbsp;<\/p>\n","protected":false},"author":4,"featured_media":25902,"comment_status":"closed","ping_status":"closed","sticky":false,"template":"","format":"standard","meta":{"_monsterinsights_skip_tracking":false,"_monsterinsights_sitenote_active":false,"_monsterinsights_sitenote_note":"","_monsterinsights_sitenote_category":0,"ngg_post_thumbnail":0,"footnotes":""},"categories":[106,89,82],"tags":[],"class_list":["post-25891","post","type-post","status-publish","format-standard","has-post-thumbnail","hentry","category-noticia-ano-2024","category-ens-fund_i","category-noticias"],"_links":{"self":[{"href":"https:\/\/redebeneditina.org.br\/pioxi\/wp-json\/wp\/v2\/posts\/25891","targetHints":{"allow":["GET"]}}],"collection":[{"href":"https:\/\/redebeneditina.org.br\/pioxi\/wp-json\/wp\/v2\/posts"}],"about":[{"href":"https:\/\/redebeneditina.org.br\/pioxi\/wp-json\/wp\/v2\/types\/post"}],"author":[{"embeddable":true,"href":"https:\/\/redebeneditina.org.br\/pioxi\/wp-json\/wp\/v2\/users\/4"}],"replies":[{"embeddable":true,"href":"https:\/\/redebeneditina.org.br\/pioxi\/wp-json\/wp\/v2\/comments?post=25891"}],"version-history":[{"count":0,"href":"https:\/\/redebeneditina.org.br\/pioxi\/wp-json\/wp\/v2\/posts\/25891\/revisions"}],"wp:featuredmedia":[{"embeddable":true,"href":"https:\/\/redebeneditina.org.br\/pioxi\/wp-json\/wp\/v2\/media\/25902"}],"wp:attachment":[{"href":"https:\/\/redebeneditina.org.br\/pioxi\/wp-json\/wp\/v2\/media?parent=25891"}],"wp:term":[{"taxonomy":"category","embeddable":true,"href":"https:\/\/redebeneditina.org.br\/pioxi\/wp-json\/wp\/v2\/categories?post=25891"},{"taxonomy":"post_tag","embeddable":true,"href":"https:\/\/redebeneditina.org.br\/pioxi\/wp-json\/wp\/v2\/tags?post=25891"}],"curies":[{"name":"wp","href":"https:\/\/api.w.org\/{rel}","templated":true}]}}