{"id":25905,"date":"2024-12-20T09:01:36","date_gmt":"2024-12-20T12:01:36","guid":{"rendered":"https:\/\/redebeneditina.org.br\/pioxi\/?p=25905"},"modified":"2024-12-20T09:01:36","modified_gmt":"2024-12-20T12:01:36","slug":"semana-da-saudade-pre-1","status":"publish","type":"post","link":"https:\/\/redebeneditina.org.br\/pioxi\/semana-da-saudade-pre-1\/","title":{"rendered":"Semana da Saudade &#8211; Pr\u00e9 1"},"content":{"rendered":"<div dir=\"ltr\">Os alunos do Pr\u00e9 1, orientados pela professora Gabriella, aproveitaram a \u00faltima semana de aula, recheada de saudades, abra\u00e7os, sorrisos e divers\u00e3o!<\/div>\n<div dir=\"ltr\">Participaram de um campeonato de um futebol envolvendo todos os times do cora\u00e7\u00e3o, brincaram com tintas, participaram do amigo oculto de pres\u00e9pio, fizeram um delicioso bolo para o Sr. Alfabeto e finalizaram a semana com uma linda festa para comemorar o anivers\u00e1rio do Sr. Alfabeto!<\/div>\n<div dir=\"ltr\">Parab\u00e9ns Pr\u00e9 1, voc\u00eas foram incr\u00edveis !<\/div>\n<div dir=\"ltr\">Sentiremos saudades!<\/div>\n<div dir=\"ltr\">Rumo ao Pr\u00e9 2!<\/div>\n<div dir=\"ltr\">ngg_shortcode_0_placeholder<\/div>\n","protected":false},"excerpt":{"rendered":"<p>Os alunos do Pr\u00e9 1, orientados pela professora Gabriella, aproveitaram a \u00faltima semana de aula, recheada de saudades, abra\u00e7os, sorrisos e divers\u00e3o! Participaram de um campeonato de um futebol envolvendo todos os times do cora\u00e7\u00e3o, brincaram com tintas, participaram do amigo oculto de pres\u00e9pio, fizeram um delicioso bolo para o Sr. Alfabeto e finalizaram a&#8230;<\/p>\n","protected":false},"author":4,"featured_media":25917,"comment_status":"closed","ping_status":"closed","sticky":false,"template":"","format":"standard","meta":{"_monsterinsights_skip_tracking":false,"_monsterinsights_sitenote_active":false,"_monsterinsights_sitenote_note":"","_monsterinsights_sitenote_category":0,"ngg_post_thumbnail":0,"footnotes":""},"categories":[106,88,82],"tags":[],"class_list":["post-25905","post","type-post","status-publish","format-standard","has-post-thumbnail","hentry","category-noticia-ano-2024","category-ed-infantil","category-noticias"],"_links":{"self":[{"href":"https:\/\/redebeneditina.org.br\/pioxi\/wp-json\/wp\/v2\/posts\/25905","targetHints":{"allow":["GET"]}}],"collection":[{"href":"https:\/\/redebeneditina.org.br\/pioxi\/wp-json\/wp\/v2\/posts"}],"about":[{"href":"https:\/\/redebeneditina.org.br\/pioxi\/wp-json\/wp\/v2\/types\/post"}],"author":[{"embeddable":true,"href":"https:\/\/redebeneditina.org.br\/pioxi\/wp-json\/wp\/v2\/users\/4"}],"replies":[{"embeddable":true,"href":"https:\/\/redebeneditina.org.br\/pioxi\/wp-json\/wp\/v2\/comments?post=25905"}],"version-history":[{"count":0,"href":"https:\/\/redebeneditina.org.br\/pioxi\/wp-json\/wp\/v2\/posts\/25905\/revisions"}],"wp:featuredmedia":[{"embeddable":true,"href":"https:\/\/redebeneditina.org.br\/pioxi\/wp-json\/wp\/v2\/media\/25917"}],"wp:attachment":[{"href":"https:\/\/redebeneditina.org.br\/pioxi\/wp-json\/wp\/v2\/media?parent=25905"}],"wp:term":[{"taxonomy":"category","embeddable":true,"href":"https:\/\/redebeneditina.org.br\/pioxi\/wp-json\/wp\/v2\/categories?post=25905"},{"taxonomy":"post_tag","embeddable":true,"href":"https:\/\/redebeneditina.org.br\/pioxi\/wp-json\/wp\/v2\/tags?post=25905"}],"curies":[{"name":"wp","href":"https:\/\/api.w.org\/{rel}","templated":true}]}}