{"id":25972,"date":"2024-12-20T09:13:48","date_gmt":"2024-12-20T12:13:48","guid":{"rendered":"https:\/\/redebeneditina.org.br\/pioxi\/?p=25972"},"modified":"2024-12-20T09:13:48","modified_gmt":"2024-12-20T12:13:48","slug":"dia-tematico-do-terceirao-ensino-medio","status":"publish","type":"post","link":"https:\/\/redebeneditina.org.br\/pioxi\/dia-tematico-do-terceirao-ensino-medio\/","title":{"rendered":"Dia tem\u00e1tico do terceir\u00e3o &#8211; Ensino M\u00e9dio"},"content":{"rendered":"<p>Os alunos da terceira s\u00e9rie do Novo Ensino M\u00e9dio tiveram a oportunidade de entrar em contato com a c\u00e1psula do tempo, ou seja, receberam as cartas escritas na 1\u00aa s\u00e9rie do Novo Ensino M\u00e9dio e puderam avaliar o quanto amadureceram.<\/p>\n<p>Al\u00e9m disso, receberam o carinho da fam\u00edlia. Receberam cartas tamb\u00e9m de seus pais e viveram a experi\u00eancia de um encontro surpresa entre pais e filhos.<\/p>\n<p>Este tamb\u00e9m foi o \u00faltimo dia tem\u00e1tico do terceir\u00e3o e, dessa vez, com tema livre!<\/p>\n<p>Os pais prestigiaram a \u00faltima apresenta\u00e7\u00e3o dos filhos na escola e, assim, conclu\u00edmos mais uma parceria de sucesso entre a fam\u00edlia e a escola.<\/p>\n<p>Desejamos que Deus aben\u00e7oe nossos formandos, que cada aluno leve do Instituto Pio XI conhecimento e o nosso afeto!<\/p>\nngg_shortcode_0_placeholder\n","protected":false},"excerpt":{"rendered":"<p>Os alunos da terceira s\u00e9rie do Novo Ensino M\u00e9dio tiveram a oportunidade de entrar em contato com a c\u00e1psula do tempo, ou seja, receberam as cartas escritas na 1\u00aa s\u00e9rie do Novo Ensino M\u00e9dio e puderam avaliar o quanto amadureceram. Al\u00e9m disso, receberam o carinho da fam\u00edlia. Receberam cartas tamb\u00e9m de seus pais e viveram&#8230;<\/p>\n","protected":false},"author":4,"featured_media":25998,"comment_status":"closed","ping_status":"closed","sticky":false,"template":"","format":"standard","meta":{"_monsterinsights_skip_tracking":false,"_monsterinsights_sitenote_active":false,"_monsterinsights_sitenote_note":"","_monsterinsights_sitenote_category":0,"ngg_post_thumbnail":0,"footnotes":""},"categories":[106,91,82],"tags":[],"class_list":["post-25972","post","type-post","status-publish","format-standard","has-post-thumbnail","hentry","category-noticia-ano-2024","category-ens-medio","category-noticias"],"_links":{"self":[{"href":"https:\/\/redebeneditina.org.br\/pioxi\/wp-json\/wp\/v2\/posts\/25972","targetHints":{"allow":["GET"]}}],"collection":[{"href":"https:\/\/redebeneditina.org.br\/pioxi\/wp-json\/wp\/v2\/posts"}],"about":[{"href":"https:\/\/redebeneditina.org.br\/pioxi\/wp-json\/wp\/v2\/types\/post"}],"author":[{"embeddable":true,"href":"https:\/\/redebeneditina.org.br\/pioxi\/wp-json\/wp\/v2\/users\/4"}],"replies":[{"embeddable":true,"href":"https:\/\/redebeneditina.org.br\/pioxi\/wp-json\/wp\/v2\/comments?post=25972"}],"version-history":[{"count":0,"href":"https:\/\/redebeneditina.org.br\/pioxi\/wp-json\/wp\/v2\/posts\/25972\/revisions"}],"wp:featuredmedia":[{"embeddable":true,"href":"https:\/\/redebeneditina.org.br\/pioxi\/wp-json\/wp\/v2\/media\/25998"}],"wp:attachment":[{"href":"https:\/\/redebeneditina.org.br\/pioxi\/wp-json\/wp\/v2\/media?parent=25972"}],"wp:term":[{"taxonomy":"category","embeddable":true,"href":"https:\/\/redebeneditina.org.br\/pioxi\/wp-json\/wp\/v2\/categories?post=25972"},{"taxonomy":"post_tag","embeddable":true,"href":"https:\/\/redebeneditina.org.br\/pioxi\/wp-json\/wp\/v2\/tags?post=25972"}],"curies":[{"name":"wp","href":"https:\/\/api.w.org\/{rel}","templated":true}]}}