{"id":26000,"date":"2024-12-20T09:19:01","date_gmt":"2024-12-20T12:19:01","guid":{"rendered":"https:\/\/redebeneditina.org.br\/pioxi\/?p=26000"},"modified":"2024-12-20T09:19:01","modified_gmt":"2024-12-20T12:19:01","slug":"projeto-brincando-com-as-vogais-maternal-2","status":"publish","type":"post","link":"https:\/\/redebeneditina.org.br\/pioxi\/projeto-brincando-com-as-vogais-maternal-2\/","title":{"rendered":"Projeto Brincando com as vogais &#8211; Maternal 2"},"content":{"rendered":"<p>Durante todo o ano letivo a turma do maternal 2, orientada pela professora &nbsp;Carla, vivenciou 5 mini projetos cada qual voltado para uma vogal que estavam aprendendo com o objetivo de trabalhar a express\u00e3o oral, criatividade, coordena\u00e7\u00e3o motora, percep\u00e7\u00e3o visual e auditiva.<\/p>\n<p>Para culminar o projeto Brincando com as vogais, as crian\u00e7as participaram da festa das vogais.<\/p>\n<p>Parabenizamos essa turminha encantadora e agradecemos a parceria das fam\u00edlias nessa jornada.<\/p>\n<p><img fetchpriority=\"high\" decoding=\"async\" class=\"alignnone size-full wp-image-26001\" src=\"https:\/\/redebeneditina.org.br\/pioxi\/wp-content\/uploads\/2024\/12\/2024-brincando-maternal-2-pioxi-1.jpg\" alt=\"\" width=\"1024\" height=\"688\" srcset=\"https:\/\/redebeneditina.org.br\/pioxi\/wp-content\/uploads\/2024\/12\/2024-brincando-maternal-2-pioxi-1.jpg 1024w, https:\/\/redebeneditina.org.br\/pioxi\/wp-content\/uploads\/2024\/12\/2024-brincando-maternal-2-pioxi-1-300x202.jpg 300w, https:\/\/redebeneditina.org.br\/pioxi\/wp-content\/uploads\/2024\/12\/2024-brincando-maternal-2-pioxi-1-768x516.jpg 768w\" sizes=\"(max-width: 1024px) 100vw, 1024px\" \/><\/p>\n<p>&nbsp;<\/p>\n","protected":false},"excerpt":{"rendered":"<p>Durante todo o ano letivo a turma do maternal 2, orientada pela professora &nbsp;Carla, vivenciou 5 mini projetos cada qual voltado para uma vogal que estavam aprendendo com o objetivo de trabalhar a express\u00e3o oral, criatividade, coordena\u00e7\u00e3o motora, percep\u00e7\u00e3o visual e auditiva. Para culminar o projeto Brincando com as vogais, as crian\u00e7as participaram da festa&#8230;<\/p>\n","protected":false},"author":4,"featured_media":26002,"comment_status":"closed","ping_status":"closed","sticky":false,"template":"","format":"standard","meta":{"_monsterinsights_skip_tracking":false,"_monsterinsights_sitenote_active":false,"_monsterinsights_sitenote_note":"","_monsterinsights_sitenote_category":0,"ngg_post_thumbnail":0,"footnotes":""},"categories":[106,88,82],"tags":[],"class_list":["post-26000","post","type-post","status-publish","format-standard","has-post-thumbnail","hentry","category-noticia-ano-2024","category-ed-infantil","category-noticias"],"_links":{"self":[{"href":"https:\/\/redebeneditina.org.br\/pioxi\/wp-json\/wp\/v2\/posts\/26000","targetHints":{"allow":["GET"]}}],"collection":[{"href":"https:\/\/redebeneditina.org.br\/pioxi\/wp-json\/wp\/v2\/posts"}],"about":[{"href":"https:\/\/redebeneditina.org.br\/pioxi\/wp-json\/wp\/v2\/types\/post"}],"author":[{"embeddable":true,"href":"https:\/\/redebeneditina.org.br\/pioxi\/wp-json\/wp\/v2\/users\/4"}],"replies":[{"embeddable":true,"href":"https:\/\/redebeneditina.org.br\/pioxi\/wp-json\/wp\/v2\/comments?post=26000"}],"version-history":[{"count":0,"href":"https:\/\/redebeneditina.org.br\/pioxi\/wp-json\/wp\/v2\/posts\/26000\/revisions"}],"wp:featuredmedia":[{"embeddable":true,"href":"https:\/\/redebeneditina.org.br\/pioxi\/wp-json\/wp\/v2\/media\/26002"}],"wp:attachment":[{"href":"https:\/\/redebeneditina.org.br\/pioxi\/wp-json\/wp\/v2\/media?parent=26000"}],"wp:term":[{"taxonomy":"category","embeddable":true,"href":"https:\/\/redebeneditina.org.br\/pioxi\/wp-json\/wp\/v2\/categories?post=26000"},{"taxonomy":"post_tag","embeddable":true,"href":"https:\/\/redebeneditina.org.br\/pioxi\/wp-json\/wp\/v2\/tags?post=26000"}],"curies":[{"name":"wp","href":"https:\/\/api.w.org\/{rel}","templated":true}]}}