{"id":26004,"date":"2024-12-20T09:21:11","date_gmt":"2024-12-20T12:21:11","guid":{"rendered":"https:\/\/redebeneditina.org.br\/pioxi\/?p=26004"},"modified":"2024-12-20T09:21:11","modified_gmt":"2024-12-20T12:21:11","slug":"domino-gramatical-6o-ano","status":"publish","type":"post","link":"https:\/\/redebeneditina.org.br\/pioxi\/domino-gramatical-6o-ano\/","title":{"rendered":"Domin\u00f3 Gramatical &#8211; 6\u00ba ano"},"content":{"rendered":"<p>As turmas do sexto ano, orientadas pela professora Waleska, participaram de um &#8220;Domin\u00f3 Gramatical &#8220;, um jogo din\u00e2mico e divertido, que teve como objetivo revisar conceitos aprendidos durante o ano.<\/p>\n<p>Essa atividade foi uma excelente oportunidade para refor\u00e7ar o aprendizado de maneira prazerosa, estimulando a participa\u00e7\u00e3o ativa dos alunos e promovendo o ensino de gram\u00e1tica de maneira eficaz e envolvente.<\/p>\nngg_shortcode_0_placeholder\n","protected":false},"excerpt":{"rendered":"<p>As turmas do sexto ano, orientadas pela professora Waleska, participaram de um &#8220;Domin\u00f3 Gramatical &#8220;, um jogo din\u00e2mico e divertido, que teve como objetivo revisar conceitos aprendidos durante o ano. Essa atividade foi uma excelente oportunidade para refor\u00e7ar o aprendizado de maneira prazerosa, estimulando a participa\u00e7\u00e3o ativa dos alunos e promovendo o ensino de gram\u00e1tica&#8230;<\/p>\n","protected":false},"author":4,"featured_media":26026,"comment_status":"closed","ping_status":"closed","sticky":false,"template":"","format":"standard","meta":{"_monsterinsights_skip_tracking":false,"_monsterinsights_sitenote_active":false,"_monsterinsights_sitenote_note":"","_monsterinsights_sitenote_category":0,"ngg_post_thumbnail":0,"footnotes":""},"categories":[106,90,82],"tags":[],"class_list":["post-26004","post","type-post","status-publish","format-standard","has-post-thumbnail","hentry","category-noticia-ano-2024","category-ens-fund_ii","category-noticias"],"_links":{"self":[{"href":"https:\/\/redebeneditina.org.br\/pioxi\/wp-json\/wp\/v2\/posts\/26004","targetHints":{"allow":["GET"]}}],"collection":[{"href":"https:\/\/redebeneditina.org.br\/pioxi\/wp-json\/wp\/v2\/posts"}],"about":[{"href":"https:\/\/redebeneditina.org.br\/pioxi\/wp-json\/wp\/v2\/types\/post"}],"author":[{"embeddable":true,"href":"https:\/\/redebeneditina.org.br\/pioxi\/wp-json\/wp\/v2\/users\/4"}],"replies":[{"embeddable":true,"href":"https:\/\/redebeneditina.org.br\/pioxi\/wp-json\/wp\/v2\/comments?post=26004"}],"version-history":[{"count":0,"href":"https:\/\/redebeneditina.org.br\/pioxi\/wp-json\/wp\/v2\/posts\/26004\/revisions"}],"wp:featuredmedia":[{"embeddable":true,"href":"https:\/\/redebeneditina.org.br\/pioxi\/wp-json\/wp\/v2\/media\/26026"}],"wp:attachment":[{"href":"https:\/\/redebeneditina.org.br\/pioxi\/wp-json\/wp\/v2\/media?parent=26004"}],"wp:term":[{"taxonomy":"category","embeddable":true,"href":"https:\/\/redebeneditina.org.br\/pioxi\/wp-json\/wp\/v2\/categories?post=26004"},{"taxonomy":"post_tag","embeddable":true,"href":"https:\/\/redebeneditina.org.br\/pioxi\/wp-json\/wp\/v2\/tags?post=26004"}],"curies":[{"name":"wp","href":"https:\/\/api.w.org\/{rel}","templated":true}]}}