{"id":26043,"date":"2024-12-20T09:24:51","date_gmt":"2024-12-20T12:24:51","guid":{"rendered":"https:\/\/redebeneditina.org.br\/pioxi\/?p=26043"},"modified":"2024-12-20T09:25:08","modified_gmt":"2024-12-20T12:25:08","slug":"semana-natalina-pre-1","status":"publish","type":"post","link":"https:\/\/redebeneditina.org.br\/pioxi\/semana-natalina-pre-1\/","title":{"rendered":"Semana Natalina &#8211; Pr\u00e9 1"},"content":{"rendered":"<p>Os alunos do Pr\u00e9 1, orientados pela professora Gabriella, vivenciaram uma semana natalina com muita divers\u00e3o e alegrias!<\/p>\n<p>Participaram de gincanas, prepararam deliciosos biscoitos, tomaram banho de chuveir\u00e3o, assistiram a um lindo filme natalino e confeccionaram tucanos ao aprender a consoante T.<\/p>\nngg_shortcode_0_placeholder\n","protected":false},"excerpt":{"rendered":"<p>Os alunos do Pr\u00e9 1, orientados pela professora Gabriella, vivenciaram uma semana natalina com muita divers\u00e3o e alegrias! Participaram de gincanas, prepararam deliciosos biscoitos, tomaram banho de chuveir\u00e3o, assistiram a um lindo filme natalino e confeccionaram tucanos ao aprender a consoante T. &nbsp;<\/p>\n","protected":false},"author":4,"featured_media":26055,"comment_status":"closed","ping_status":"closed","sticky":false,"template":"","format":"standard","meta":{"_monsterinsights_skip_tracking":false,"_monsterinsights_sitenote_active":false,"_monsterinsights_sitenote_note":"","_monsterinsights_sitenote_category":0,"ngg_post_thumbnail":0,"footnotes":""},"categories":[106,88,82],"tags":[],"class_list":["post-26043","post","type-post","status-publish","format-standard","has-post-thumbnail","hentry","category-noticia-ano-2024","category-ed-infantil","category-noticias"],"_links":{"self":[{"href":"https:\/\/redebeneditina.org.br\/pioxi\/wp-json\/wp\/v2\/posts\/26043","targetHints":{"allow":["GET"]}}],"collection":[{"href":"https:\/\/redebeneditina.org.br\/pioxi\/wp-json\/wp\/v2\/posts"}],"about":[{"href":"https:\/\/redebeneditina.org.br\/pioxi\/wp-json\/wp\/v2\/types\/post"}],"author":[{"embeddable":true,"href":"https:\/\/redebeneditina.org.br\/pioxi\/wp-json\/wp\/v2\/users\/4"}],"replies":[{"embeddable":true,"href":"https:\/\/redebeneditina.org.br\/pioxi\/wp-json\/wp\/v2\/comments?post=26043"}],"version-history":[{"count":0,"href":"https:\/\/redebeneditina.org.br\/pioxi\/wp-json\/wp\/v2\/posts\/26043\/revisions"}],"wp:featuredmedia":[{"embeddable":true,"href":"https:\/\/redebeneditina.org.br\/pioxi\/wp-json\/wp\/v2\/media\/26055"}],"wp:attachment":[{"href":"https:\/\/redebeneditina.org.br\/pioxi\/wp-json\/wp\/v2\/media?parent=26043"}],"wp:term":[{"taxonomy":"category","embeddable":true,"href":"https:\/\/redebeneditina.org.br\/pioxi\/wp-json\/wp\/v2\/categories?post=26043"},{"taxonomy":"post_tag","embeddable":true,"href":"https:\/\/redebeneditina.org.br\/pioxi\/wp-json\/wp\/v2\/tags?post=26043"}],"curies":[{"name":"wp","href":"https:\/\/api.w.org\/{rel}","templated":true}]}}