{"id":26058,"date":"2024-12-23T19:05:20","date_gmt":"2024-12-23T22:05:20","guid":{"rendered":"https:\/\/redebeneditina.org.br\/pioxi\/?p=26058"},"modified":"2024-12-23T19:05:20","modified_gmt":"2024-12-23T22:05:20","slug":"explorando-os-espacos-inovadores-da-nossa-escola-educacao-infantil","status":"publish","type":"post","link":"https:\/\/redebeneditina.org.br\/pioxi\/explorando-os-espacos-inovadores-da-nossa-escola-educacao-infantil\/","title":{"rendered":"Explorando os espa\u00e7os inovadores da nossa escola &#8211; Educa\u00e7\u00e3o Infantil"},"content":{"rendered":"<p>Durante o ano de 2024 , os nossos pequenos da Educa\u00e7\u00e3o Infantil tiveram uma experi\u00eancia m\u00e1gica explorando os espa\u00e7os inovadores da nossa escola!&nbsp;<\/p>\n<p>Passaram pela Cozinha Encantada, onde aprenderam brincando, pelo Jardim Sensorial, que os conectou com a natureza, e pelo Parque Sonoro, estimulando a criatividade e o aprendizado musical.&nbsp;<\/p>\n<p>Esse ano foi repleto de descobertas e crescimento, e queremos agradecer a cada fam\u00edlia pelo empenho e dedica\u00e7\u00e3o.&nbsp;<\/p>\n<p>Que o esp\u00edrito de curiosidade e aprendizado continue a brilhar em cada um de nossos alunos.&nbsp;<\/p>\n<p>At\u00e9 o pr\u00f3ximo ano letivo!&nbsp;<\/p>\nngg_shortcode_0_placeholder\n","protected":false},"excerpt":{"rendered":"<p>Durante o ano de 2024 , os nossos pequenos da Educa\u00e7\u00e3o Infantil tiveram uma experi\u00eancia m\u00e1gica explorando os espa\u00e7os inovadores da nossa escola!&nbsp; Passaram pela Cozinha Encantada, onde aprenderam brincando, pelo Jardim Sensorial, que os conectou com a natureza, e pelo Parque Sonoro, estimulando a criatividade e o aprendizado musical.&nbsp; Esse ano foi repleto de&#8230;<\/p>\n","protected":false},"author":4,"featured_media":26063,"comment_status":"closed","ping_status":"closed","sticky":false,"template":"","format":"standard","meta":{"_monsterinsights_skip_tracking":false,"_monsterinsights_sitenote_active":false,"_monsterinsights_sitenote_note":"","_monsterinsights_sitenote_category":0,"ngg_post_thumbnail":0,"footnotes":""},"categories":[106,88,82],"tags":[],"class_list":["post-26058","post","type-post","status-publish","format-standard","has-post-thumbnail","hentry","category-noticia-ano-2024","category-ed-infantil","category-noticias"],"_links":{"self":[{"href":"https:\/\/redebeneditina.org.br\/pioxi\/wp-json\/wp\/v2\/posts\/26058","targetHints":{"allow":["GET"]}}],"collection":[{"href":"https:\/\/redebeneditina.org.br\/pioxi\/wp-json\/wp\/v2\/posts"}],"about":[{"href":"https:\/\/redebeneditina.org.br\/pioxi\/wp-json\/wp\/v2\/types\/post"}],"author":[{"embeddable":true,"href":"https:\/\/redebeneditina.org.br\/pioxi\/wp-json\/wp\/v2\/users\/4"}],"replies":[{"embeddable":true,"href":"https:\/\/redebeneditina.org.br\/pioxi\/wp-json\/wp\/v2\/comments?post=26058"}],"version-history":[{"count":0,"href":"https:\/\/redebeneditina.org.br\/pioxi\/wp-json\/wp\/v2\/posts\/26058\/revisions"}],"wp:featuredmedia":[{"embeddable":true,"href":"https:\/\/redebeneditina.org.br\/pioxi\/wp-json\/wp\/v2\/media\/26063"}],"wp:attachment":[{"href":"https:\/\/redebeneditina.org.br\/pioxi\/wp-json\/wp\/v2\/media?parent=26058"}],"wp:term":[{"taxonomy":"category","embeddable":true,"href":"https:\/\/redebeneditina.org.br\/pioxi\/wp-json\/wp\/v2\/categories?post=26058"},{"taxonomy":"post_tag","embeddable":true,"href":"https:\/\/redebeneditina.org.br\/pioxi\/wp-json\/wp\/v2\/tags?post=26058"}],"curies":[{"name":"wp","href":"https:\/\/api.w.org\/{rel}","templated":true}]}}