{"id":26065,"date":"2024-12-23T19:07:37","date_gmt":"2024-12-23T22:07:37","guid":{"rendered":"https:\/\/redebeneditina.org.br\/pioxi\/?p=26065"},"modified":"2024-12-23T19:07:37","modified_gmt":"2024-12-23T22:07:37","slug":"parabens-amanda-gomes-ensino-medio","status":"publish","type":"post","link":"https:\/\/redebeneditina.org.br\/pioxi\/parabens-amanda-gomes-ensino-medio\/","title":{"rendered":"Parab\u00e9ns, Amanda Gomes &#8211; Ensino M\u00e9dio"},"content":{"rendered":"<div dir=\"ltr\">Na \u00faltima quarta-feira, dia 27 de novembro de 2024, a aluna Amanda Gomes Simonini, do 3\u00b0 ano do Novo Ensino M\u00e9dio, tomou posse na Associa\u00e7\u00e3o dos Diplomados da Academia Brasileira de Letras, devido \u00e0 sua brilhante atua\u00e7\u00e3o nas \u00e1reas culturais e sociais da cidade.<\/div>\n<div dir=\"ltr\">\nNo evento, ocorreu palestra, apresenta\u00e7\u00e3o musical e leitura de poemas de acad\u00eamicos.<\/div>\n<div dir=\"ltr\">\nParab\u00e9ns, Amanda! Estamos muito orgulhosos de voc\u00ea!<\/div>\n<div dir=\"ltr\">&nbsp;<\/div>\n<div dir=\"ltr\"><img fetchpriority=\"high\" decoding=\"async\" class=\"alignnone size-full wp-image-26067\" src=\"https:\/\/redebeneditina.org.br\/pioxi\/wp-content\/uploads\/2024\/12\/2024-conquista-amanda-pioxi-1.jpg\" alt=\"\" width=\"1024\" height=\"1365\" srcset=\"https:\/\/redebeneditina.org.br\/pioxi\/wp-content\/uploads\/2024\/12\/2024-conquista-amanda-pioxi-1.jpg 1024w, https:\/\/redebeneditina.org.br\/pioxi\/wp-content\/uploads\/2024\/12\/2024-conquista-amanda-pioxi-1-225x300.jpg 225w, https:\/\/redebeneditina.org.br\/pioxi\/wp-content\/uploads\/2024\/12\/2024-conquista-amanda-pioxi-1-768x1024.jpg 768w\" sizes=\"(max-width: 1024px) 100vw, 1024px\" \/><\/div>\n<div dir=\"ltr\">&nbsp;<\/div>\n<div dir=\"ltr\">&nbsp;<\/div>\n","protected":false},"excerpt":{"rendered":"<p>Na \u00faltima quarta-feira, dia 27 de novembro de 2024, a aluna Amanda Gomes Simonini, do 3\u00b0 ano do Novo Ensino M\u00e9dio, tomou posse na Associa\u00e7\u00e3o dos Diplomados da Academia Brasileira de Letras, devido \u00e0 sua brilhante atua\u00e7\u00e3o nas \u00e1reas culturais e sociais da cidade. No evento, ocorreu palestra, apresenta\u00e7\u00e3o musical e leitura de poemas de&#8230;<\/p>\n","protected":false},"author":4,"featured_media":26066,"comment_status":"closed","ping_status":"closed","sticky":false,"template":"","format":"standard","meta":{"_monsterinsights_skip_tracking":false,"_monsterinsights_sitenote_active":false,"_monsterinsights_sitenote_note":"","_monsterinsights_sitenote_category":0,"ngg_post_thumbnail":0,"footnotes":""},"categories":[106,91,82],"tags":[],"class_list":["post-26065","post","type-post","status-publish","format-standard","has-post-thumbnail","hentry","category-noticia-ano-2024","category-ens-medio","category-noticias"],"_links":{"self":[{"href":"https:\/\/redebeneditina.org.br\/pioxi\/wp-json\/wp\/v2\/posts\/26065","targetHints":{"allow":["GET"]}}],"collection":[{"href":"https:\/\/redebeneditina.org.br\/pioxi\/wp-json\/wp\/v2\/posts"}],"about":[{"href":"https:\/\/redebeneditina.org.br\/pioxi\/wp-json\/wp\/v2\/types\/post"}],"author":[{"embeddable":true,"href":"https:\/\/redebeneditina.org.br\/pioxi\/wp-json\/wp\/v2\/users\/4"}],"replies":[{"embeddable":true,"href":"https:\/\/redebeneditina.org.br\/pioxi\/wp-json\/wp\/v2\/comments?post=26065"}],"version-history":[{"count":0,"href":"https:\/\/redebeneditina.org.br\/pioxi\/wp-json\/wp\/v2\/posts\/26065\/revisions"}],"wp:featuredmedia":[{"embeddable":true,"href":"https:\/\/redebeneditina.org.br\/pioxi\/wp-json\/wp\/v2\/media\/26066"}],"wp:attachment":[{"href":"https:\/\/redebeneditina.org.br\/pioxi\/wp-json\/wp\/v2\/media?parent=26065"}],"wp:term":[{"taxonomy":"category","embeddable":true,"href":"https:\/\/redebeneditina.org.br\/pioxi\/wp-json\/wp\/v2\/categories?post=26065"},{"taxonomy":"post_tag","embeddable":true,"href":"https:\/\/redebeneditina.org.br\/pioxi\/wp-json\/wp\/v2\/tags?post=26065"}],"curies":[{"name":"wp","href":"https:\/\/api.w.org\/{rel}","templated":true}]}}