{"id":26069,"date":"2024-12-23T19:10:50","date_gmt":"2024-12-23T22:10:50","guid":{"rendered":"https:\/\/redebeneditina.org.br\/pioxi\/?p=26069"},"modified":"2024-12-23T19:10:50","modified_gmt":"2024-12-23T22:10:50","slug":"muita-diversao-e-alegria-no-maternal-2","status":"publish","type":"post","link":"https:\/\/redebeneditina.org.br\/pioxi\/muita-diversao-e-alegria-no-maternal-2\/","title":{"rendered":"Muita divers\u00e3o e alegria no Maternal 2"},"content":{"rendered":"<p>Com a imagina\u00e7\u00e3o podemos ser o que desejamos.<\/p>\n<p>As crian\u00e7as do Maternal 2, orientadas pela professora Carla, viveram momentos de muita divers\u00e3o e alegria em nosso ambiente escolar.<\/p>\n<p>Cada cantinho, cada proposta trazia um lindo brilho nos olhos de nossas crian\u00e7as.<\/p>\n<p>Tivemos a tarde das princesas com os her\u00f3is, &nbsp;discoteca com karaoke, times esportivos, brincadeiras, amigo oculto e lanche coletivo.<\/p>\n<p>Curtam um pouquinho desses momentos.<\/p>\nngg_shortcode_0_placeholder\n","protected":false},"excerpt":{"rendered":"<p>Com a imagina\u00e7\u00e3o podemos ser o que desejamos. As crian\u00e7as do Maternal 2, orientadas pela professora Carla, viveram momentos de muita divers\u00e3o e alegria em nosso ambiente escolar. Cada cantinho, cada proposta trazia um lindo brilho nos olhos de nossas crian\u00e7as. Tivemos a tarde das princesas com os her\u00f3is, &nbsp;discoteca com karaoke, times esportivos, brincadeiras,&#8230;<\/p>\n","protected":false},"author":4,"featured_media":26081,"comment_status":"closed","ping_status":"closed","sticky":false,"template":"","format":"standard","meta":{"_monsterinsights_skip_tracking":false,"_monsterinsights_sitenote_active":false,"_monsterinsights_sitenote_note":"","_monsterinsights_sitenote_category":0,"ngg_post_thumbnail":0,"footnotes":""},"categories":[106,88,82],"tags":[],"class_list":["post-26069","post","type-post","status-publish","format-standard","has-post-thumbnail","hentry","category-noticia-ano-2024","category-ed-infantil","category-noticias"],"_links":{"self":[{"href":"https:\/\/redebeneditina.org.br\/pioxi\/wp-json\/wp\/v2\/posts\/26069","targetHints":{"allow":["GET"]}}],"collection":[{"href":"https:\/\/redebeneditina.org.br\/pioxi\/wp-json\/wp\/v2\/posts"}],"about":[{"href":"https:\/\/redebeneditina.org.br\/pioxi\/wp-json\/wp\/v2\/types\/post"}],"author":[{"embeddable":true,"href":"https:\/\/redebeneditina.org.br\/pioxi\/wp-json\/wp\/v2\/users\/4"}],"replies":[{"embeddable":true,"href":"https:\/\/redebeneditina.org.br\/pioxi\/wp-json\/wp\/v2\/comments?post=26069"}],"version-history":[{"count":0,"href":"https:\/\/redebeneditina.org.br\/pioxi\/wp-json\/wp\/v2\/posts\/26069\/revisions"}],"wp:featuredmedia":[{"embeddable":true,"href":"https:\/\/redebeneditina.org.br\/pioxi\/wp-json\/wp\/v2\/media\/26081"}],"wp:attachment":[{"href":"https:\/\/redebeneditina.org.br\/pioxi\/wp-json\/wp\/v2\/media?parent=26069"}],"wp:term":[{"taxonomy":"category","embeddable":true,"href":"https:\/\/redebeneditina.org.br\/pioxi\/wp-json\/wp\/v2\/categories?post=26069"},{"taxonomy":"post_tag","embeddable":true,"href":"https:\/\/redebeneditina.org.br\/pioxi\/wp-json\/wp\/v2\/tags?post=26069"}],"curies":[{"name":"wp","href":"https:\/\/api.w.org\/{rel}","templated":true}]}}