{"id":26083,"date":"2024-12-23T19:13:26","date_gmt":"2024-12-23T22:13:26","guid":{"rendered":"https:\/\/redebeneditina.org.br\/pioxi\/?p=26083"},"modified":"2024-12-23T19:13:26","modified_gmt":"2024-12-23T22:13:26","slug":"ultima-semana-de-aula-da-turma-do-pre-2","status":"publish","type":"post","link":"https:\/\/redebeneditina.org.br\/pioxi\/ultima-semana-de-aula-da-turma-do-pre-2\/","title":{"rendered":"\u00daltima semana de aula da turma do Pr\u00e9 2"},"content":{"rendered":"<p>A \u00faltima semana de aula da turma do Pr\u00e9 2 foi marcada por muita alegria, divers\u00e3o e amizade.<\/p>\n<p>Esses momentos ficar\u00e3o eternizados no cora\u00e7\u00e3o de cada aluno desta turma linda que transborda felicidade.<\/p>\nngg_shortcode_0_placeholder\n","protected":false},"excerpt":{"rendered":"<p>A \u00faltima semana de aula da turma do Pr\u00e9 2 foi marcada por muita alegria, divers\u00e3o e amizade. Esses momentos ficar\u00e3o eternizados no cora\u00e7\u00e3o de cada aluno desta turma linda que transborda felicidade.<\/p>\n","protected":false},"author":4,"featured_media":26085,"comment_status":"closed","ping_status":"closed","sticky":false,"template":"","format":"standard","meta":{"_monsterinsights_skip_tracking":false,"_monsterinsights_sitenote_active":false,"_monsterinsights_sitenote_note":"","_monsterinsights_sitenote_category":0,"ngg_post_thumbnail":0,"footnotes":""},"categories":[106,88,82],"tags":[],"class_list":["post-26083","post","type-post","status-publish","format-standard","has-post-thumbnail","hentry","category-noticia-ano-2024","category-ed-infantil","category-noticias"],"_links":{"self":[{"href":"https:\/\/redebeneditina.org.br\/pioxi\/wp-json\/wp\/v2\/posts\/26083","targetHints":{"allow":["GET"]}}],"collection":[{"href":"https:\/\/redebeneditina.org.br\/pioxi\/wp-json\/wp\/v2\/posts"}],"about":[{"href":"https:\/\/redebeneditina.org.br\/pioxi\/wp-json\/wp\/v2\/types\/post"}],"author":[{"embeddable":true,"href":"https:\/\/redebeneditina.org.br\/pioxi\/wp-json\/wp\/v2\/users\/4"}],"replies":[{"embeddable":true,"href":"https:\/\/redebeneditina.org.br\/pioxi\/wp-json\/wp\/v2\/comments?post=26083"}],"version-history":[{"count":0,"href":"https:\/\/redebeneditina.org.br\/pioxi\/wp-json\/wp\/v2\/posts\/26083\/revisions"}],"wp:featuredmedia":[{"embeddable":true,"href":"https:\/\/redebeneditina.org.br\/pioxi\/wp-json\/wp\/v2\/media\/26085"}],"wp:attachment":[{"href":"https:\/\/redebeneditina.org.br\/pioxi\/wp-json\/wp\/v2\/media?parent=26083"}],"wp:term":[{"taxonomy":"category","embeddable":true,"href":"https:\/\/redebeneditina.org.br\/pioxi\/wp-json\/wp\/v2\/categories?post=26083"},{"taxonomy":"post_tag","embeddable":true,"href":"https:\/\/redebeneditina.org.br\/pioxi\/wp-json\/wp\/v2\/tags?post=26083"}],"curies":[{"name":"wp","href":"https:\/\/api.w.org\/{rel}","templated":true}]}}