{"id":26132,"date":"2024-12-23T19:25:22","date_gmt":"2024-12-23T22:25:22","guid":{"rendered":"https:\/\/redebeneditina.org.br\/pioxi\/?p=26132"},"modified":"2024-12-23T19:25:22","modified_gmt":"2024-12-23T22:25:22","slug":"atividades-natalinas-1o-ano","status":"publish","type":"post","link":"https:\/\/redebeneditina.org.br\/pioxi\/atividades-natalinas-1o-ano\/","title":{"rendered":"Atividades Natalinas &#8211; 1\u00ba ano"},"content":{"rendered":"<p>Hoje, na abertura das Atividades Natalinas, o evento teve in\u00edcio com uma encantadora conta\u00e7\u00e3o de hist\u00f3rias, conduzida pela nossa talentosa bibliotec\u00e1ria Laura.<\/p>\n<p>As crian\u00e7as presentes foram transportados para mundos m\u00e1gicos e repletos de imagina\u00e7\u00e3o, enquanto Laura, com sua voz cativante, dava vida aos personagens e hist\u00f3rias natalinas.<\/p>\n<p>Foi um momento de encantamento e uni\u00e3o, dando o tom perfeito para as celebra\u00e7\u00f5es que est\u00e3o por vir.<\/p>\nngg_shortcode_0_placeholder\n","protected":false},"excerpt":{"rendered":"<p>Hoje, na abertura das Atividades Natalinas, o evento teve in\u00edcio com uma encantadora conta\u00e7\u00e3o de hist\u00f3rias, conduzida pela nossa talentosa bibliotec\u00e1ria Laura. As crian\u00e7as presentes foram transportados para mundos m\u00e1gicos e repletos de imagina\u00e7\u00e3o, enquanto Laura, com sua voz cativante, dava vida aos personagens e hist\u00f3rias natalinas. Foi um momento de encantamento e uni\u00e3o, dando&#8230;<\/p>\n","protected":false},"author":4,"featured_media":26150,"comment_status":"closed","ping_status":"closed","sticky":false,"template":"","format":"standard","meta":{"_monsterinsights_skip_tracking":false,"_monsterinsights_sitenote_active":false,"_monsterinsights_sitenote_note":"","_monsterinsights_sitenote_category":0,"ngg_post_thumbnail":0,"footnotes":""},"categories":[106,89,82],"tags":[],"class_list":["post-26132","post","type-post","status-publish","format-standard","has-post-thumbnail","hentry","category-noticia-ano-2024","category-ens-fund_i","category-noticias"],"_links":{"self":[{"href":"https:\/\/redebeneditina.org.br\/pioxi\/wp-json\/wp\/v2\/posts\/26132","targetHints":{"allow":["GET"]}}],"collection":[{"href":"https:\/\/redebeneditina.org.br\/pioxi\/wp-json\/wp\/v2\/posts"}],"about":[{"href":"https:\/\/redebeneditina.org.br\/pioxi\/wp-json\/wp\/v2\/types\/post"}],"author":[{"embeddable":true,"href":"https:\/\/redebeneditina.org.br\/pioxi\/wp-json\/wp\/v2\/users\/4"}],"replies":[{"embeddable":true,"href":"https:\/\/redebeneditina.org.br\/pioxi\/wp-json\/wp\/v2\/comments?post=26132"}],"version-history":[{"count":0,"href":"https:\/\/redebeneditina.org.br\/pioxi\/wp-json\/wp\/v2\/posts\/26132\/revisions"}],"wp:featuredmedia":[{"embeddable":true,"href":"https:\/\/redebeneditina.org.br\/pioxi\/wp-json\/wp\/v2\/media\/26150"}],"wp:attachment":[{"href":"https:\/\/redebeneditina.org.br\/pioxi\/wp-json\/wp\/v2\/media?parent=26132"}],"wp:term":[{"taxonomy":"category","embeddable":true,"href":"https:\/\/redebeneditina.org.br\/pioxi\/wp-json\/wp\/v2\/categories?post=26132"},{"taxonomy":"post_tag","embeddable":true,"href":"https:\/\/redebeneditina.org.br\/pioxi\/wp-json\/wp\/v2\/tags?post=26132"}],"curies":[{"name":"wp","href":"https:\/\/api.w.org\/{rel}","templated":true}]}}