{"id":26190,"date":"2024-12-23T19:33:55","date_gmt":"2024-12-23T22:33:55","guid":{"rendered":"https:\/\/redebeneditina.org.br\/pioxi\/?p=26190"},"modified":"2024-12-23T19:33:55","modified_gmt":"2024-12-23T22:33:55","slug":"livro-super-safari-de-cambridge-educacao-infantil","status":"publish","type":"post","link":"https:\/\/redebeneditina.org.br\/pioxi\/livro-super-safari-de-cambridge-educacao-infantil\/","title":{"rendered":"Livro super safari de Cambridge &#8211; Educa\u00e7\u00e3o Infantil"},"content":{"rendered":"<p>Os alunos da educa\u00e7\u00e3o infantil receberam da teacher Renata o certificado de conclus\u00e3o de etapa do livro super safari de Cambridge.<\/p>\n<p>Parabenizamos todos os alunos pela dedica\u00e7\u00e3o durante o ano.<\/p>\n<p>Congratulations!!<\/p>\nngg_shortcode_0_placeholder\n","protected":false},"excerpt":{"rendered":"<p>Os alunos da educa\u00e7\u00e3o infantil receberam da teacher Renata o certificado de conclus\u00e3o de etapa do livro super safari de Cambridge. Parabenizamos todos os alunos pela dedica\u00e7\u00e3o durante o ano. Congratulations!!<\/p>\n","protected":false},"author":4,"featured_media":26197,"comment_status":"closed","ping_status":"closed","sticky":false,"template":"","format":"standard","meta":{"_monsterinsights_skip_tracking":false,"_monsterinsights_sitenote_active":false,"_monsterinsights_sitenote_note":"","_monsterinsights_sitenote_category":0,"ngg_post_thumbnail":0,"footnotes":""},"categories":[106,88,82],"tags":[],"class_list":["post-26190","post","type-post","status-publish","format-standard","has-post-thumbnail","hentry","category-noticia-ano-2024","category-ed-infantil","category-noticias"],"_links":{"self":[{"href":"https:\/\/redebeneditina.org.br\/pioxi\/wp-json\/wp\/v2\/posts\/26190","targetHints":{"allow":["GET"]}}],"collection":[{"href":"https:\/\/redebeneditina.org.br\/pioxi\/wp-json\/wp\/v2\/posts"}],"about":[{"href":"https:\/\/redebeneditina.org.br\/pioxi\/wp-json\/wp\/v2\/types\/post"}],"author":[{"embeddable":true,"href":"https:\/\/redebeneditina.org.br\/pioxi\/wp-json\/wp\/v2\/users\/4"}],"replies":[{"embeddable":true,"href":"https:\/\/redebeneditina.org.br\/pioxi\/wp-json\/wp\/v2\/comments?post=26190"}],"version-history":[{"count":0,"href":"https:\/\/redebeneditina.org.br\/pioxi\/wp-json\/wp\/v2\/posts\/26190\/revisions"}],"wp:featuredmedia":[{"embeddable":true,"href":"https:\/\/redebeneditina.org.br\/pioxi\/wp-json\/wp\/v2\/media\/26197"}],"wp:attachment":[{"href":"https:\/\/redebeneditina.org.br\/pioxi\/wp-json\/wp\/v2\/media?parent=26190"}],"wp:term":[{"taxonomy":"category","embeddable":true,"href":"https:\/\/redebeneditina.org.br\/pioxi\/wp-json\/wp\/v2\/categories?post=26190"},{"taxonomy":"post_tag","embeddable":true,"href":"https:\/\/redebeneditina.org.br\/pioxi\/wp-json\/wp\/v2\/tags?post=26190"}],"curies":[{"name":"wp","href":"https:\/\/api.w.org\/{rel}","templated":true}]}}