{"id":26985,"date":"2025-02-27T18:22:35","date_gmt":"2025-02-27T21:22:35","guid":{"rendered":"https:\/\/redebeneditina.org.br\/pioxi\/?p=26985"},"modified":"2025-02-27T18:22:35","modified_gmt":"2025-02-27T21:22:35","slug":"coordenacao-motora-ampla-e-fina-pre-1","status":"publish","type":"post","link":"https:\/\/redebeneditina.org.br\/pioxi\/coordenacao-motora-ampla-e-fina-pre-1\/","title":{"rendered":"Coordena\u00e7\u00e3o motora ampla e fina &#8211; Pr\u00e9 1"},"content":{"rendered":"<p>A turma do P1A, sob a orienta\u00e7\u00e3o da professora Camila, est\u00e1 aprimorando a coordena\u00e7\u00e3o motora ampla e fina. Para enriquecer cada vez mais seus movimentos, os alunos, de maneira divertida, fizeram atividades para explorar as linhas retas, inclinadas e curvas.<\/p>\nngg_shortcode_0_placeholder\n","protected":false},"excerpt":{"rendered":"<p>A turma do P1A, sob a orienta\u00e7\u00e3o da professora Camila, est\u00e1 aprimorando a coordena\u00e7\u00e3o motora ampla e fina. Para enriquecer cada vez mais seus movimentos, os alunos, de maneira divertida, fizeram atividades para explorar as linhas retas, inclinadas e curvas.<\/p>\n","protected":false},"author":4,"featured_media":26994,"comment_status":"closed","ping_status":"closed","sticky":false,"template":"","format":"standard","meta":{"_monsterinsights_skip_tracking":false,"_monsterinsights_sitenote_active":false,"_monsterinsights_sitenote_note":"","_monsterinsights_sitenote_category":0,"ngg_post_thumbnail":0,"footnotes":""},"categories":[107,88,82],"tags":[],"class_list":["post-26985","post","type-post","status-publish","format-standard","has-post-thumbnail","hentry","category-noticia-ano-2025-pioxi","category-ed-infantil","category-noticias"],"_links":{"self":[{"href":"https:\/\/redebeneditina.org.br\/pioxi\/wp-json\/wp\/v2\/posts\/26985","targetHints":{"allow":["GET"]}}],"collection":[{"href":"https:\/\/redebeneditina.org.br\/pioxi\/wp-json\/wp\/v2\/posts"}],"about":[{"href":"https:\/\/redebeneditina.org.br\/pioxi\/wp-json\/wp\/v2\/types\/post"}],"author":[{"embeddable":true,"href":"https:\/\/redebeneditina.org.br\/pioxi\/wp-json\/wp\/v2\/users\/4"}],"replies":[{"embeddable":true,"href":"https:\/\/redebeneditina.org.br\/pioxi\/wp-json\/wp\/v2\/comments?post=26985"}],"version-history":[{"count":0,"href":"https:\/\/redebeneditina.org.br\/pioxi\/wp-json\/wp\/v2\/posts\/26985\/revisions"}],"wp:featuredmedia":[{"embeddable":true,"href":"https:\/\/redebeneditina.org.br\/pioxi\/wp-json\/wp\/v2\/media\/26994"}],"wp:attachment":[{"href":"https:\/\/redebeneditina.org.br\/pioxi\/wp-json\/wp\/v2\/media?parent=26985"}],"wp:term":[{"taxonomy":"category","embeddable":true,"href":"https:\/\/redebeneditina.org.br\/pioxi\/wp-json\/wp\/v2\/categories?post=26985"},{"taxonomy":"post_tag","embeddable":true,"href":"https:\/\/redebeneditina.org.br\/pioxi\/wp-json\/wp\/v2\/tags?post=26985"}],"curies":[{"name":"wp","href":"https:\/\/api.w.org\/{rel}","templated":true}]}}