{"id":27027,"date":"2025-03-01T15:18:08","date_gmt":"2025-03-01T18:18:08","guid":{"rendered":"https:\/\/redebeneditina.org.br\/pioxi\/?p=27027"},"modified":"2025-03-05T15:24:08","modified_gmt":"2025-03-05T18:24:08","slug":"pio-xi-em-oracao-pelo-papa-francisco","status":"publish","type":"post","link":"https:\/\/redebeneditina.org.br\/pioxi\/pio-xi-em-oracao-pelo-papa-francisco\/","title":{"rendered":"Pio XI em ora\u00e7\u00e3o pelo Papa Francisco"},"content":{"rendered":"<p>Continuamos em ora\u00e7\u00e3o pela pronta recupera\u00e7\u00e3o da sa\u00fade do Papa Francisco.<\/p>\n<p>Confira o v\u00eddeo em nosso Instagram: <a href=\"https:\/\/www.instagram.com\/p\/DGp58yARKvv\/\">https:\/\/www.instagram.com\/p\/DGp58yARKvv\/<\/a><\/p>\n<p>&nbsp;<\/p>\n","protected":false},"excerpt":{"rendered":"<p>Continuamos em ora\u00e7\u00e3o pela pronta recupera\u00e7\u00e3o da sa\u00fade do Papa Francisco. Confira o v\u00eddeo em nosso Instagram: https:\/\/www.instagram.com\/p\/DGp58yARKvv\/ &nbsp;<\/p>\n","protected":false},"author":4,"featured_media":27028,"comment_status":"closed","ping_status":"closed","sticky":false,"template":"","format":"standard","meta":{"_monsterinsights_skip_tracking":false,"_monsterinsights_sitenote_active":false,"_monsterinsights_sitenote_note":"","_monsterinsights_sitenote_category":0,"ngg_post_thumbnail":0,"footnotes":""},"categories":[107,82,95],"tags":[],"class_list":["post-27027","post","type-post","status-publish","format-standard","has-post-thumbnail","hentry","category-noticia-ano-2025-pioxi","category-noticias","category-pastoral-escolar"],"_links":{"self":[{"href":"https:\/\/redebeneditina.org.br\/pioxi\/wp-json\/wp\/v2\/posts\/27027","targetHints":{"allow":["GET"]}}],"collection":[{"href":"https:\/\/redebeneditina.org.br\/pioxi\/wp-json\/wp\/v2\/posts"}],"about":[{"href":"https:\/\/redebeneditina.org.br\/pioxi\/wp-json\/wp\/v2\/types\/post"}],"author":[{"embeddable":true,"href":"https:\/\/redebeneditina.org.br\/pioxi\/wp-json\/wp\/v2\/users\/4"}],"replies":[{"embeddable":true,"href":"https:\/\/redebeneditina.org.br\/pioxi\/wp-json\/wp\/v2\/comments?post=27027"}],"version-history":[{"count":0,"href":"https:\/\/redebeneditina.org.br\/pioxi\/wp-json\/wp\/v2\/posts\/27027\/revisions"}],"wp:featuredmedia":[{"embeddable":true,"href":"https:\/\/redebeneditina.org.br\/pioxi\/wp-json\/wp\/v2\/media\/27028"}],"wp:attachment":[{"href":"https:\/\/redebeneditina.org.br\/pioxi\/wp-json\/wp\/v2\/media?parent=27027"}],"wp:term":[{"taxonomy":"category","embeddable":true,"href":"https:\/\/redebeneditina.org.br\/pioxi\/wp-json\/wp\/v2\/categories?post=27027"},{"taxonomy":"post_tag","embeddable":true,"href":"https:\/\/redebeneditina.org.br\/pioxi\/wp-json\/wp\/v2\/tags?post=27027"}],"curies":[{"name":"wp","href":"https:\/\/api.w.org\/{rel}","templated":true}]}}