{"id":27361,"date":"2025-03-24T15:28:35","date_gmt":"2025-03-24T18:28:35","guid":{"rendered":"https:\/\/redebeneditina.org.br\/pioxi\/?p=27361"},"modified":"2025-03-24T15:28:35","modified_gmt":"2025-03-24T18:28:35","slug":"dia-tematico-do-ensino-medio-brega","status":"publish","type":"post","link":"https:\/\/redebeneditina.org.br\/pioxi\/dia-tematico-do-ensino-medio-brega\/","title":{"rendered":"Dia Tem\u00e1tico do Ensino M\u00e9dio: Brega"},"content":{"rendered":"<p>O Dia Tem\u00e1tico da Terceira S\u00e9rie do Ensino M\u00e9dio foi com o tema &#8220;Brega&#8221;.<\/p>\n<p><img fetchpriority=\"high\" decoding=\"async\" class=\"alignnone size-full wp-image-27362\" src=\"https:\/\/redebeneditina.org.br\/pioxi\/wp-content\/uploads\/2025\/03\/dia-tematico-ensino-medio-instituto-pioxi-2.jpeg\" alt=\"\" width=\"1600\" height=\"1200\" srcset=\"https:\/\/redebeneditina.org.br\/pioxi\/wp-content\/uploads\/2025\/03\/dia-tematico-ensino-medio-instituto-pioxi-2.jpeg 1600w, https:\/\/redebeneditina.org.br\/pioxi\/wp-content\/uploads\/2025\/03\/dia-tematico-ensino-medio-instituto-pioxi-2-300x225.jpeg 300w, https:\/\/redebeneditina.org.br\/pioxi\/wp-content\/uploads\/2025\/03\/dia-tematico-ensino-medio-instituto-pioxi-2-1024x768.jpeg 1024w, https:\/\/redebeneditina.org.br\/pioxi\/wp-content\/uploads\/2025\/03\/dia-tematico-ensino-medio-instituto-pioxi-2-768x576.jpeg 768w, https:\/\/redebeneditina.org.br\/pioxi\/wp-content\/uploads\/2025\/03\/dia-tematico-ensino-medio-instituto-pioxi-2-1536x1152.jpeg 1536w\" sizes=\"(max-width: 1600px) 100vw, 1600px\" \/><\/p>\n<p>Os estudantes se divertiram e aproveitaram a oportunidade para se expressarem de maneira leve e descontra\u00edda, trazendo \u00e0 tona um estilo que, apesar de muitas vezes visto com humor, tamb\u00e9m carrega um grande simbolismo cultural.<\/p>\n<p>Foi um momento de muita uni\u00e3o, onde os alunos puderam se divertir com a irrever\u00eancia das roupas, criando mem\u00f3rias inesquec\u00edveis nesse \u00faltimo ano de escola.<\/p>\n<p><img decoding=\"async\" class=\"alignnone size-full wp-image-27363\" src=\"https:\/\/redebeneditina.org.br\/pioxi\/wp-content\/uploads\/2025\/03\/dia-tematico-ensino-medio-instituto-pioxi-3.jpeg\" alt=\"\" width=\"1600\" height=\"1200\" srcset=\"https:\/\/redebeneditina.org.br\/pioxi\/wp-content\/uploads\/2025\/03\/dia-tematico-ensino-medio-instituto-pioxi-3.jpeg 1600w, https:\/\/redebeneditina.org.br\/pioxi\/wp-content\/uploads\/2025\/03\/dia-tematico-ensino-medio-instituto-pioxi-3-300x225.jpeg 300w, https:\/\/redebeneditina.org.br\/pioxi\/wp-content\/uploads\/2025\/03\/dia-tematico-ensino-medio-instituto-pioxi-3-1024x768.jpeg 1024w, https:\/\/redebeneditina.org.br\/pioxi\/wp-content\/uploads\/2025\/03\/dia-tematico-ensino-medio-instituto-pioxi-3-768x576.jpeg 768w, https:\/\/redebeneditina.org.br\/pioxi\/wp-content\/uploads\/2025\/03\/dia-tematico-ensino-medio-instituto-pioxi-3-1536x1152.jpeg 1536w\" sizes=\"(max-width: 1600px) 100vw, 1600px\" \/><\/p>\n","protected":false},"excerpt":{"rendered":"<p>O Dia Tem\u00e1tico da Terceira S\u00e9rie do Ensino M\u00e9dio foi com o tema &#8220;Brega&#8221;. Os estudantes se divertiram e aproveitaram a oportunidade para se expressarem de maneira leve e descontra\u00edda, trazendo \u00e0 tona um estilo que, apesar de muitas vezes visto com humor, tamb\u00e9m carrega um grande simbolismo cultural. Foi um momento de muita uni\u00e3o,&#8230;<\/p>\n","protected":false},"author":4,"featured_media":27364,"comment_status":"closed","ping_status":"closed","sticky":false,"template":"","format":"standard","meta":{"_monsterinsights_skip_tracking":false,"_monsterinsights_sitenote_active":false,"_monsterinsights_sitenote_note":"","_monsterinsights_sitenote_category":0,"ngg_post_thumbnail":0,"footnotes":""},"categories":[107,91,82],"tags":[],"class_list":["post-27361","post","type-post","status-publish","format-standard","has-post-thumbnail","hentry","category-noticia-ano-2025-pioxi","category-ens-medio","category-noticias"],"_links":{"self":[{"href":"https:\/\/redebeneditina.org.br\/pioxi\/wp-json\/wp\/v2\/posts\/27361","targetHints":{"allow":["GET"]}}],"collection":[{"href":"https:\/\/redebeneditina.org.br\/pioxi\/wp-json\/wp\/v2\/posts"}],"about":[{"href":"https:\/\/redebeneditina.org.br\/pioxi\/wp-json\/wp\/v2\/types\/post"}],"author":[{"embeddable":true,"href":"https:\/\/redebeneditina.org.br\/pioxi\/wp-json\/wp\/v2\/users\/4"}],"replies":[{"embeddable":true,"href":"https:\/\/redebeneditina.org.br\/pioxi\/wp-json\/wp\/v2\/comments?post=27361"}],"version-history":[{"count":0,"href":"https:\/\/redebeneditina.org.br\/pioxi\/wp-json\/wp\/v2\/posts\/27361\/revisions"}],"wp:featuredmedia":[{"embeddable":true,"href":"https:\/\/redebeneditina.org.br\/pioxi\/wp-json\/wp\/v2\/media\/27364"}],"wp:attachment":[{"href":"https:\/\/redebeneditina.org.br\/pioxi\/wp-json\/wp\/v2\/media?parent=27361"}],"wp:term":[{"taxonomy":"category","embeddable":true,"href":"https:\/\/redebeneditina.org.br\/pioxi\/wp-json\/wp\/v2\/categories?post=27361"},{"taxonomy":"post_tag","embeddable":true,"href":"https:\/\/redebeneditina.org.br\/pioxi\/wp-json\/wp\/v2\/tags?post=27361"}],"curies":[{"name":"wp","href":"https:\/\/api.w.org\/{rel}","templated":true}]}}