{"id":27611,"date":"2025-04-01T18:01:44","date_gmt":"2025-04-01T21:01:44","guid":{"rendered":"https:\/\/redebeneditina.org.br\/pioxi\/?p=27611"},"modified":"2025-04-01T18:01:44","modified_gmt":"2025-04-01T21:01:44","slug":"simulado-sas-enem-ensino-medio","status":"publish","type":"post","link":"https:\/\/redebeneditina.org.br\/pioxi\/simulado-sas-enem-ensino-medio\/","title":{"rendered":"Simulado SAS-ENEM &#8211; Ensino M\u00e9dio"},"content":{"rendered":"<p>Nos dias 22 e 29 de mar\u00e7o, nossos alunos da 3\u00aa s\u00e9rie do Ensino M\u00e9dio participaram do Simulado SAS-ENEM!&nbsp;<\/p>\n<p>O objetivo \u00e9 prepar\u00e1-los para os desafios do ENEM e garantir um desempenho de excel\u00eancia para os exames futuros.<\/p>\n<p>Estamos muito orgulhosos da dedica\u00e7\u00e3o e empenho de todos!<\/p>\nngg_shortcode_0_placeholder\n","protected":false},"excerpt":{"rendered":"<p>Nos dias 22 e 29 de mar\u00e7o, nossos alunos da 3\u00aa s\u00e9rie do Ensino M\u00e9dio participaram do Simulado SAS-ENEM!&nbsp; O objetivo \u00e9 prepar\u00e1-los para os desafios do ENEM e garantir um desempenho de excel\u00eancia para os exames futuros. Estamos muito orgulhosos da dedica\u00e7\u00e3o e empenho de todos! &nbsp;<\/p>\n","protected":false},"author":4,"featured_media":27619,"comment_status":"closed","ping_status":"closed","sticky":false,"template":"","format":"standard","meta":{"_monsterinsights_skip_tracking":false,"_monsterinsights_sitenote_active":false,"_monsterinsights_sitenote_note":"","_monsterinsights_sitenote_category":0,"ngg_post_thumbnail":0,"footnotes":""},"categories":[107,91,82],"tags":[],"class_list":["post-27611","post","type-post","status-publish","format-standard","has-post-thumbnail","hentry","category-noticia-ano-2025-pioxi","category-ens-medio","category-noticias"],"_links":{"self":[{"href":"https:\/\/redebeneditina.org.br\/pioxi\/wp-json\/wp\/v2\/posts\/27611","targetHints":{"allow":["GET"]}}],"collection":[{"href":"https:\/\/redebeneditina.org.br\/pioxi\/wp-json\/wp\/v2\/posts"}],"about":[{"href":"https:\/\/redebeneditina.org.br\/pioxi\/wp-json\/wp\/v2\/types\/post"}],"author":[{"embeddable":true,"href":"https:\/\/redebeneditina.org.br\/pioxi\/wp-json\/wp\/v2\/users\/4"}],"replies":[{"embeddable":true,"href":"https:\/\/redebeneditina.org.br\/pioxi\/wp-json\/wp\/v2\/comments?post=27611"}],"version-history":[{"count":0,"href":"https:\/\/redebeneditina.org.br\/pioxi\/wp-json\/wp\/v2\/posts\/27611\/revisions"}],"wp:featuredmedia":[{"embeddable":true,"href":"https:\/\/redebeneditina.org.br\/pioxi\/wp-json\/wp\/v2\/media\/27619"}],"wp:attachment":[{"href":"https:\/\/redebeneditina.org.br\/pioxi\/wp-json\/wp\/v2\/media?parent=27611"}],"wp:term":[{"taxonomy":"category","embeddable":true,"href":"https:\/\/redebeneditina.org.br\/pioxi\/wp-json\/wp\/v2\/categories?post=27611"},{"taxonomy":"post_tag","embeddable":true,"href":"https:\/\/redebeneditina.org.br\/pioxi\/wp-json\/wp\/v2\/tags?post=27611"}],"curies":[{"name":"wp","href":"https:\/\/api.w.org\/{rel}","templated":true}]}}