{"id":27663,"date":"2025-04-01T17:26:10","date_gmt":"2025-04-01T20:26:10","guid":{"rendered":"https:\/\/redebeneditina.org.br\/pioxi\/?p=27663"},"modified":"2025-04-03T17:28:50","modified_gmt":"2025-04-03T20:28:50","slug":"confissoes-no-instituto-pio-xi","status":"publish","type":"post","link":"https:\/\/redebeneditina.org.br\/pioxi\/confissoes-no-instituto-pio-xi\/","title":{"rendered":"Confiss\u00f5es no Instituto Pio XI"},"content":{"rendered":"<p>No Instituto Pio XI, tivemos um dia especial de reflex\u00e3o e renova\u00e7\u00e3o espiritual em prepara\u00e7\u00e3o para a P\u00e1scoa!<\/p>\n<p>Nossos alunos e profissionais participaram de um momento de confiss\u00f5es, promovendo a paz interior e o fortalecimento da f\u00e9.<\/p>\n<p>Agradecemos profundamente a presen\u00e7a e o carinho do Padre Luiz Gustavo, Padre Daniel e Padre Mozart, que nos guiaram neste dia de ora\u00e7\u00e3o e reflex\u00e3o, nos preparando para vivenciar a verdadeira ess\u00eancia da P\u00e1scoa.<\/p>\n<p>Que todos saiam renovados em esp\u00edrito e confian\u00e7a!<\/p>\nngg_shortcode_0_placeholder\n","protected":false},"excerpt":{"rendered":"<p>No Instituto Pio XI, tivemos um dia especial de reflex\u00e3o e renova\u00e7\u00e3o espiritual em prepara\u00e7\u00e3o para a P\u00e1scoa! Nossos alunos e profissionais participaram de um momento de confiss\u00f5es, promovendo a paz interior e o fortalecimento da f\u00e9. Agradecemos profundamente a presen\u00e7a e o carinho do Padre Luiz Gustavo, Padre Daniel e Padre Mozart, que nos&#8230;<\/p>\n","protected":false},"author":4,"featured_media":27670,"comment_status":"closed","ping_status":"closed","sticky":false,"template":"","format":"standard","meta":{"_monsterinsights_skip_tracking":false,"_monsterinsights_sitenote_active":false,"_monsterinsights_sitenote_note":"","_monsterinsights_sitenote_category":0,"ngg_post_thumbnail":0,"footnotes":""},"categories":[107,82,95],"tags":[],"class_list":["post-27663","post","type-post","status-publish","format-standard","has-post-thumbnail","hentry","category-noticia-ano-2025-pioxi","category-noticias","category-pastoral-escolar"],"_links":{"self":[{"href":"https:\/\/redebeneditina.org.br\/pioxi\/wp-json\/wp\/v2\/posts\/27663","targetHints":{"allow":["GET"]}}],"collection":[{"href":"https:\/\/redebeneditina.org.br\/pioxi\/wp-json\/wp\/v2\/posts"}],"about":[{"href":"https:\/\/redebeneditina.org.br\/pioxi\/wp-json\/wp\/v2\/types\/post"}],"author":[{"embeddable":true,"href":"https:\/\/redebeneditina.org.br\/pioxi\/wp-json\/wp\/v2\/users\/4"}],"replies":[{"embeddable":true,"href":"https:\/\/redebeneditina.org.br\/pioxi\/wp-json\/wp\/v2\/comments?post=27663"}],"version-history":[{"count":1,"href":"https:\/\/redebeneditina.org.br\/pioxi\/wp-json\/wp\/v2\/posts\/27663\/revisions"}],"predecessor-version":[{"id":27671,"href":"https:\/\/redebeneditina.org.br\/pioxi\/wp-json\/wp\/v2\/posts\/27663\/revisions\/27671"}],"wp:featuredmedia":[{"embeddable":true,"href":"https:\/\/redebeneditina.org.br\/pioxi\/wp-json\/wp\/v2\/media\/27670"}],"wp:attachment":[{"href":"https:\/\/redebeneditina.org.br\/pioxi\/wp-json\/wp\/v2\/media?parent=27663"}],"wp:term":[{"taxonomy":"category","embeddable":true,"href":"https:\/\/redebeneditina.org.br\/pioxi\/wp-json\/wp\/v2\/categories?post=27663"},{"taxonomy":"post_tag","embeddable":true,"href":"https:\/\/redebeneditina.org.br\/pioxi\/wp-json\/wp\/v2\/tags?post=27663"}],"curies":[{"name":"wp","href":"https:\/\/api.w.org\/{rel}","templated":true}]}}