{"id":28182,"date":"2025-05-12T16:56:56","date_gmt":"2025-05-12T19:56:56","guid":{"rendered":"https:\/\/redebeneditina.org.br\/pioxi\/?p=28182"},"modified":"2025-05-12T16:57:23","modified_gmt":"2025-05-12T19:57:23","slug":"missa-de-dia-das-maes","status":"publish","type":"post","link":"https:\/\/redebeneditina.org.br\/pioxi\/missa-de-dia-das-maes\/","title":{"rendered":"Missa de Dia das M\u00e3es"},"content":{"rendered":"<p>Com o cora\u00e7\u00e3o cheio de gratid\u00e3o, agradecemos a todos que participaram da Missa em A\u00e7\u00e3o de Gra\u00e7as pelo Dia das M\u00e3es, realizada no dia 11\/05 na Igreja Nossa Senhora das Merc\u00eas. Foi uma celebra\u00e7\u00e3o emocionante, repleta de f\u00e9, amor e homenagem \u00e0quelas que s\u00e3o exemplo de dedica\u00e7\u00e3o e ternura.&nbsp;<\/p>\n<p>Que as b\u00ean\u00e7\u00e3os vivenciadas nessa missa sigam presentes em cada fam\u00edlia da nossa comunidade escolar.&nbsp;<\/p>\nngg_shortcode_0_placeholder\n","protected":false},"excerpt":{"rendered":"<p>Com o cora\u00e7\u00e3o cheio de gratid\u00e3o, agradecemos a todos que participaram da Missa em A\u00e7\u00e3o de Gra\u00e7as pelo Dia das M\u00e3es, realizada no dia 11\/05 na Igreja Nossa Senhora das Merc\u00eas. Foi uma celebra\u00e7\u00e3o emocionante, repleta de f\u00e9, amor e homenagem \u00e0quelas que s\u00e3o exemplo de dedica\u00e7\u00e3o e ternura.&nbsp; Que as b\u00ean\u00e7\u00e3os vivenciadas nessa missa&#8230;<\/p>\n","protected":false},"author":4,"featured_media":28267,"comment_status":"closed","ping_status":"closed","sticky":false,"template":"","format":"standard","meta":{"_monsterinsights_skip_tracking":false,"_monsterinsights_sitenote_active":false,"_monsterinsights_sitenote_note":"","_monsterinsights_sitenote_category":0,"ngg_post_thumbnail":0,"footnotes":""},"categories":[107,88,89,90,91,82,95],"tags":[],"class_list":["post-28182","post","type-post","status-publish","format-standard","has-post-thumbnail","hentry","category-noticia-ano-2025-pioxi","category-ed-infantil","category-ens-fund_i","category-ens-fund_ii","category-ens-medio","category-noticias","category-pastoral-escolar"],"_links":{"self":[{"href":"https:\/\/redebeneditina.org.br\/pioxi\/wp-json\/wp\/v2\/posts\/28182","targetHints":{"allow":["GET"]}}],"collection":[{"href":"https:\/\/redebeneditina.org.br\/pioxi\/wp-json\/wp\/v2\/posts"}],"about":[{"href":"https:\/\/redebeneditina.org.br\/pioxi\/wp-json\/wp\/v2\/types\/post"}],"author":[{"embeddable":true,"href":"https:\/\/redebeneditina.org.br\/pioxi\/wp-json\/wp\/v2\/users\/4"}],"replies":[{"embeddable":true,"href":"https:\/\/redebeneditina.org.br\/pioxi\/wp-json\/wp\/v2\/comments?post=28182"}],"version-history":[{"count":2,"href":"https:\/\/redebeneditina.org.br\/pioxi\/wp-json\/wp\/v2\/posts\/28182\/revisions"}],"predecessor-version":[{"id":28269,"href":"https:\/\/redebeneditina.org.br\/pioxi\/wp-json\/wp\/v2\/posts\/28182\/revisions\/28269"}],"wp:featuredmedia":[{"embeddable":true,"href":"https:\/\/redebeneditina.org.br\/pioxi\/wp-json\/wp\/v2\/media\/28267"}],"wp:attachment":[{"href":"https:\/\/redebeneditina.org.br\/pioxi\/wp-json\/wp\/v2\/media?parent=28182"}],"wp:term":[{"taxonomy":"category","embeddable":true,"href":"https:\/\/redebeneditina.org.br\/pioxi\/wp-json\/wp\/v2\/categories?post=28182"},{"taxonomy":"post_tag","embeddable":true,"href":"https:\/\/redebeneditina.org.br\/pioxi\/wp-json\/wp\/v2\/tags?post=28182"}],"curies":[{"name":"wp","href":"https:\/\/api.w.org\/{rel}","templated":true}]}}