{"id":32354,"date":"2025-10-03T17:46:52","date_gmt":"2025-10-03T20:46:52","guid":{"rendered":"https:\/\/redebeneditina.org.br\/pioxi\/?p=32354"},"modified":"2025-10-03T17:46:52","modified_gmt":"2025-10-03T20:46:52","slug":"ciencia-em-acao-7o-ano-identifica-amido-nos-alimentos-com-experimento-pratico-e-divertido","status":"publish","type":"post","link":"https:\/\/redebeneditina.org.br\/pioxi\/ciencia-em-acao-7o-ano-identifica-amido-nos-alimentos-com-experimento-pratico-e-divertido\/","title":{"rendered":"Ci\u00eancia em a\u00e7\u00e3o: 7\u00ba ano identifica amido nos alimentos com experimento pr\u00e1tico e divertido"},"content":{"rendered":"<p>No laborat\u00f3rio, os alunos do 7\u00ba ano realizaram um experimento para detectar amido nos alimentos. Com peda\u00e7os de batata, arroz, p\u00e3o e ma\u00e7\u00e3, aplicaram gotas de iodo e observaram: onde havia amido, a cor mudou para azul-escuro, como um \u201csinal secreto\u201d.<\/p>\n<p>A experi\u00eancia transformou a sala em um espa\u00e7o de investiga\u00e7\u00e3o cient\u00edfica, mostrando de forma pr\u00e1tica e divertida como a ci\u00eancia revela o que os olhos n\u00e3o veem.<\/p>\nngg_shortcode_0_placeholder\n","protected":false},"excerpt":{"rendered":"<p>No laborat\u00f3rio, os alunos do 7\u00ba ano realizaram um experimento para detectar amido nos alimentos. Com peda\u00e7os de batata, arroz, p\u00e3o e ma\u00e7\u00e3, aplicaram gotas de iodo e observaram: onde havia amido, a cor mudou para azul-escuro, como um \u201csinal secreto\u201d. A experi\u00eancia transformou a sala em um espa\u00e7o de investiga\u00e7\u00e3o cient\u00edfica, mostrando de forma&#8230;<\/p>\n","protected":false},"author":4,"featured_media":32369,"comment_status":"closed","ping_status":"closed","sticky":false,"template":"","format":"standard","meta":{"_monsterinsights_skip_tracking":false,"_monsterinsights_sitenote_active":false,"_monsterinsights_sitenote_note":"","_monsterinsights_sitenote_category":0,"ngg_post_thumbnail":0,"footnotes":""},"categories":[107,90,82],"tags":[],"class_list":["post-32354","post","type-post","status-publish","format-standard","has-post-thumbnail","hentry","category-noticia-ano-2025-pioxi","category-ens-fund_ii","category-noticias"],"_links":{"self":[{"href":"https:\/\/redebeneditina.org.br\/pioxi\/wp-json\/wp\/v2\/posts\/32354","targetHints":{"allow":["GET"]}}],"collection":[{"href":"https:\/\/redebeneditina.org.br\/pioxi\/wp-json\/wp\/v2\/posts"}],"about":[{"href":"https:\/\/redebeneditina.org.br\/pioxi\/wp-json\/wp\/v2\/types\/post"}],"author":[{"embeddable":true,"href":"https:\/\/redebeneditina.org.br\/pioxi\/wp-json\/wp\/v2\/users\/4"}],"replies":[{"embeddable":true,"href":"https:\/\/redebeneditina.org.br\/pioxi\/wp-json\/wp\/v2\/comments?post=32354"}],"version-history":[{"count":1,"href":"https:\/\/redebeneditina.org.br\/pioxi\/wp-json\/wp\/v2\/posts\/32354\/revisions"}],"predecessor-version":[{"id":32370,"href":"https:\/\/redebeneditina.org.br\/pioxi\/wp-json\/wp\/v2\/posts\/32354\/revisions\/32370"}],"wp:featuredmedia":[{"embeddable":true,"href":"https:\/\/redebeneditina.org.br\/pioxi\/wp-json\/wp\/v2\/media\/32369"}],"wp:attachment":[{"href":"https:\/\/redebeneditina.org.br\/pioxi\/wp-json\/wp\/v2\/media?parent=32354"}],"wp:term":[{"taxonomy":"category","embeddable":true,"href":"https:\/\/redebeneditina.org.br\/pioxi\/wp-json\/wp\/v2\/categories?post=32354"},{"taxonomy":"post_tag","embeddable":true,"href":"https:\/\/redebeneditina.org.br\/pioxi\/wp-json\/wp\/v2\/tags?post=32354"}],"curies":[{"name":"wp","href":"https:\/\/api.w.org\/{rel}","templated":true}]}}