{"id":32371,"date":"2025-10-03T17:48:07","date_gmt":"2025-10-03T20:48:07","guid":{"rendered":"https:\/\/redebeneditina.org.br\/pioxi\/?p=32371"},"modified":"2025-10-03T17:48:07","modified_gmt":"2025-10-03T20:48:07","slug":"6o-ano-aprende-sobre-os-sistemas-do-corpo-humano-com-criatividade-e-muita-cor","status":"publish","type":"post","link":"https:\/\/redebeneditina.org.br\/pioxi\/6o-ano-aprende-sobre-os-sistemas-do-corpo-humano-com-criatividade-e-muita-cor\/","title":{"rendered":"6\u00ba ano aprende sobre os sistemas do corpo humano com criatividade e muita cor!"},"content":{"rendered":"<p>Na aula de Ci\u00eancias do 6\u00ba ano, os alunos representaram em alto relevo o sistema digest\u00f3rio, o sistema urin\u00e1rio e o neur\u00f4nio do sistema nervoso usando massinha de modelar, purpurina, lantejoulas, mi\u00e7angas, l\u00e1pis de cor e canetinha.<\/p>\n<p>A atividade foi divertida e ajudou na compreens\u00e3o dos conte\u00fados de forma criativa.<\/p>\nngg_shortcode_0_placeholder\n","protected":false},"excerpt":{"rendered":"<p>Na aula de Ci\u00eancias do 6\u00ba ano, os alunos representaram em alto relevo o sistema digest\u00f3rio, o sistema urin\u00e1rio e o neur\u00f4nio do sistema nervoso usando massinha de modelar, purpurina, lantejoulas, mi\u00e7angas, l\u00e1pis de cor e canetinha. A atividade foi divertida e ajudou na compreens\u00e3o dos conte\u00fados de forma criativa.<\/p>\n","protected":false},"author":4,"featured_media":32383,"comment_status":"closed","ping_status":"closed","sticky":false,"template":"","format":"standard","meta":{"_monsterinsights_skip_tracking":false,"_monsterinsights_sitenote_active":false,"_monsterinsights_sitenote_note":"","_monsterinsights_sitenote_category":0,"ngg_post_thumbnail":0,"footnotes":""},"categories":[107,90,82],"tags":[],"class_list":["post-32371","post","type-post","status-publish","format-standard","has-post-thumbnail","hentry","category-noticia-ano-2025-pioxi","category-ens-fund_ii","category-noticias"],"_links":{"self":[{"href":"https:\/\/redebeneditina.org.br\/pioxi\/wp-json\/wp\/v2\/posts\/32371","targetHints":{"allow":["GET"]}}],"collection":[{"href":"https:\/\/redebeneditina.org.br\/pioxi\/wp-json\/wp\/v2\/posts"}],"about":[{"href":"https:\/\/redebeneditina.org.br\/pioxi\/wp-json\/wp\/v2\/types\/post"}],"author":[{"embeddable":true,"href":"https:\/\/redebeneditina.org.br\/pioxi\/wp-json\/wp\/v2\/users\/4"}],"replies":[{"embeddable":true,"href":"https:\/\/redebeneditina.org.br\/pioxi\/wp-json\/wp\/v2\/comments?post=32371"}],"version-history":[{"count":1,"href":"https:\/\/redebeneditina.org.br\/pioxi\/wp-json\/wp\/v2\/posts\/32371\/revisions"}],"predecessor-version":[{"id":32384,"href":"https:\/\/redebeneditina.org.br\/pioxi\/wp-json\/wp\/v2\/posts\/32371\/revisions\/32384"}],"wp:featuredmedia":[{"embeddable":true,"href":"https:\/\/redebeneditina.org.br\/pioxi\/wp-json\/wp\/v2\/media\/32383"}],"wp:attachment":[{"href":"https:\/\/redebeneditina.org.br\/pioxi\/wp-json\/wp\/v2\/media?parent=32371"}],"wp:term":[{"taxonomy":"category","embeddable":true,"href":"https:\/\/redebeneditina.org.br\/pioxi\/wp-json\/wp\/v2\/categories?post=32371"},{"taxonomy":"post_tag","embeddable":true,"href":"https:\/\/redebeneditina.org.br\/pioxi\/wp-json\/wp\/v2\/tags?post=32371"}],"curies":[{"name":"wp","href":"https:\/\/api.w.org\/{rel}","templated":true}]}}