{"id":32396,"date":"2025-10-02T13:19:00","date_gmt":"2025-10-02T16:19:00","guid":{"rendered":"https:\/\/redebeneditina.org.br\/pioxi\/?p=32396"},"modified":"2025-10-23T17:59:02","modified_gmt":"2025-10-23T20:59:02","slug":"matriculas-abertas-2026","status":"publish","type":"post","link":"https:\/\/redebeneditina.org.br\/pioxi\/matriculas-abertas-2026\/","title":{"rendered":"Matr\u00edculas Abertas 2026"},"content":{"rendered":"<p data-start=\"270\" data-end=\"567\">O <strong data-start=\"272\" data-end=\"292\">Instituto Pio XI<\/strong> \u00e9 refer\u00eancia em <strong data-start=\"309\" data-end=\"362\">forma\u00e7\u00e3o humana, crist\u00e3 e acad\u00eamica de excel\u00eancia<\/strong>. Integrante da <strong data-start=\"378\" data-end=\"409\">Rede Beneditina de Educa\u00e7\u00e3o<\/strong>, nossa escola oferece um ambiente acolhedor, seguro e repleto de valores, acompanhando o desenvolvimento dos alunos da <strong data-start=\"529\" data-end=\"566\">Educa\u00e7\u00e3o Infantil ao Ensino M\u00e9dio<\/strong>.<\/p>\n<p data-start=\"569\" data-end=\"769\">\u2728 <strong data-start=\"571\" data-end=\"594\">Matr\u00edculas Abertas!<\/strong><br data-start=\"594\" data-end=\"597\">Venha fazer parte de nossa comunidade educativa.<br data-start=\"645\" data-end=\"648\"><strong data-start=\"648\" data-end=\"669\">Agende sua visita<\/strong> e conhe\u00e7a de perto nossa proposta pedag\u00f3gica, nossos espa\u00e7os e o cuidado que temos em cada detalhe.<\/p>\n<p data-start=\"771\" data-end=\"895\">\ud83d\udcde <strong data-start=\"774\" data-end=\"787\">Telefone:<\/strong> (21) 3194-1400<br data-start=\"802\" data-end=\"805\">\ud83d\udcf1 <strong data-start=\"808\" data-end=\"821\">WhatsApp:<\/strong> (21) 99683-3909<br data-start=\"837\" data-end=\"840\">\ud83d\udce7 <strong data-start=\"843\" data-end=\"854\">E-mail:<\/strong> <a class=\"decorated-link cursor-pointer\" href=\"mailto:secretaria.pioxi@redebeneditina.com.br\" rel=\"noopener\" data-start=\"855\" data-end=\"893\">secretaria.pioxi@redebeneditina.com.br<\/a><\/p>\n<p data-start=\"771\" data-end=\"895\"><img fetchpriority=\"high\" decoding=\"async\" class=\"alignnone size-full wp-image-32406\" src=\"https:\/\/redebeneditina.org.br\/pioxi\/wp-content\/uploads\/2025\/10\/matriculas2026-instituto-pioxi-ramos.jpg\" alt=\"\" width=\"800\" height=\"705\" srcset=\"https:\/\/redebeneditina.org.br\/pioxi\/wp-content\/uploads\/2025\/10\/matriculas2026-instituto-pioxi-ramos.jpg 800w, https:\/\/redebeneditina.org.br\/pioxi\/wp-content\/uploads\/2025\/10\/matriculas2026-instituto-pioxi-ramos-300x264.jpg 300w, https:\/\/redebeneditina.org.br\/pioxi\/wp-content\/uploads\/2025\/10\/matriculas2026-instituto-pioxi-ramos-768x677.jpg 768w\" sizes=\"(max-width: 800px) 100vw, 800px\" \/><\/p>\n<p data-start=\"897\" data-end=\"1056\">\ud83c\udfa5 <strong data-start=\"900\" data-end=\"934\">Confira nossos v\u00eddeos-convites<\/strong> e descubra por que o Instituto Pio XI \u00e9 o lugar ideal para o seu filho crescer e aprender com f\u00e9, conhecimento e valores!<\/p>\n<p><a href=\"https:\/\/www.instagram.com\/p\/DN5_kBgkeSf\/\">\u00bb https:\/\/www.instagram.com\/p\/DN5_kBgkeSf\/<\/a><\/p>\n<p><a href=\"https:\/\/www.instagram.com\/p\/DPR1E8nkZ7w\/\">\u00bb https:\/\/www.instagram.com\/p\/DPR1E8nkZ7w\/<\/a><\/p>\n<p>&nbsp;<\/p>\n<p>&nbsp;<\/p>\n","protected":false},"excerpt":{"rendered":"<p>O Instituto Pio XI \u00e9 refer\u00eancia em forma\u00e7\u00e3o humana, crist\u00e3 e acad\u00eamica de excel\u00eancia. Integrante da Rede Beneditina de Educa\u00e7\u00e3o, nossa escola oferece um ambiente acolhedor, seguro e repleto de valores, acompanhando o desenvolvimento dos alunos da Educa\u00e7\u00e3o Infantil ao Ensino M\u00e9dio. \u2728 Matr\u00edculas Abertas!Venha fazer parte de nossa comunidade educativa.Agende sua visita e conhe\u00e7a&#8230;<\/p>\n","protected":false},"author":4,"featured_media":32571,"comment_status":"closed","ping_status":"closed","sticky":false,"template":"","format":"standard","meta":{"_monsterinsights_skip_tracking":false,"_monsterinsights_sitenote_active":false,"_monsterinsights_sitenote_note":"","_monsterinsights_sitenote_category":0,"ngg_post_thumbnail":0,"footnotes":""},"categories":[107,88,89,90,91,82],"tags":[],"class_list":["post-32396","post","type-post","status-publish","format-standard","has-post-thumbnail","hentry","category-noticia-ano-2025-pioxi","category-ed-infantil","category-ens-fund_i","category-ens-fund_ii","category-ens-medio","category-noticias"],"_links":{"self":[{"href":"https:\/\/redebeneditina.org.br\/pioxi\/wp-json\/wp\/v2\/posts\/32396","targetHints":{"allow":["GET"]}}],"collection":[{"href":"https:\/\/redebeneditina.org.br\/pioxi\/wp-json\/wp\/v2\/posts"}],"about":[{"href":"https:\/\/redebeneditina.org.br\/pioxi\/wp-json\/wp\/v2\/types\/post"}],"author":[{"embeddable":true,"href":"https:\/\/redebeneditina.org.br\/pioxi\/wp-json\/wp\/v2\/users\/4"}],"replies":[{"embeddable":true,"href":"https:\/\/redebeneditina.org.br\/pioxi\/wp-json\/wp\/v2\/comments?post=32396"}],"version-history":[{"count":5,"href":"https:\/\/redebeneditina.org.br\/pioxi\/wp-json\/wp\/v2\/posts\/32396\/revisions"}],"predecessor-version":[{"id":32572,"href":"https:\/\/redebeneditina.org.br\/pioxi\/wp-json\/wp\/v2\/posts\/32396\/revisions\/32572"}],"wp:featuredmedia":[{"embeddable":true,"href":"https:\/\/redebeneditina.org.br\/pioxi\/wp-json\/wp\/v2\/media\/32571"}],"wp:attachment":[{"href":"https:\/\/redebeneditina.org.br\/pioxi\/wp-json\/wp\/v2\/media?parent=32396"}],"wp:term":[{"taxonomy":"category","embeddable":true,"href":"https:\/\/redebeneditina.org.br\/pioxi\/wp-json\/wp\/v2\/categories?post=32396"},{"taxonomy":"post_tag","embeddable":true,"href":"https:\/\/redebeneditina.org.br\/pioxi\/wp-json\/wp\/v2\/tags?post=32396"}],"curies":[{"name":"wp","href":"https:\/\/api.w.org\/{rel}","templated":true}]}}