{"id":32402,"date":"2025-10-06T13:33:05","date_gmt":"2025-10-06T16:33:05","guid":{"rendered":"https:\/\/redebeneditina.org.br\/pioxi\/?p=32402"},"modified":"2025-10-08T15:00:21","modified_gmt":"2025-10-08T18:00:21","slug":"mostra-de-arte-do-instituto-pio-xi","status":"publish","type":"post","link":"https:\/\/redebeneditina.org.br\/pioxi\/mostra-de-arte-do-instituto-pio-xi\/","title":{"rendered":"Mostra de Arte do Instituto Pio XI"},"content":{"rendered":"<p>Vem a\u00ed a Mostra de Arte do Instituto Pio XI<br \/>\nData: 25\/10<br \/>\nHor\u00e1rio:<br \/>\nFundamental II e Ensino M\u00e9dio: das 8h30min \u00e0s 10h30min<br \/>\nEduca\u00e7\u00e3o Infantil ao quinto ano do Ensino Fundamental I: das 10h30min \u00e0s 12h<br \/>\nParticipe!<\/p>\n","protected":false},"excerpt":{"rendered":"<p>Vem a\u00ed a Mostra de Arte do Instituto Pio XI Data: 25\/10 Hor\u00e1rio: Fundamental II e Ensino M\u00e9dio: das 8h30min \u00e0s 10h30min Educa\u00e7\u00e3o Infantil ao quinto ano do Ensino Fundamental I: das 10h30min \u00e0s 12h Participe!<\/p>\n","protected":false},"author":4,"featured_media":32407,"comment_status":"closed","ping_status":"closed","sticky":false,"template":"","format":"standard","meta":{"_monsterinsights_skip_tracking":false,"_monsterinsights_sitenote_active":false,"_monsterinsights_sitenote_note":"","_monsterinsights_sitenote_category":0,"ngg_post_thumbnail":0,"footnotes":""},"categories":[107,90,91,82],"tags":[],"class_list":["post-32402","post","type-post","status-publish","format-standard","has-post-thumbnail","hentry","category-noticia-ano-2025-pioxi","category-ens-fund_ii","category-ens-medio","category-noticias"],"_links":{"self":[{"href":"https:\/\/redebeneditina.org.br\/pioxi\/wp-json\/wp\/v2\/posts\/32402","targetHints":{"allow":["GET"]}}],"collection":[{"href":"https:\/\/redebeneditina.org.br\/pioxi\/wp-json\/wp\/v2\/posts"}],"about":[{"href":"https:\/\/redebeneditina.org.br\/pioxi\/wp-json\/wp\/v2\/types\/post"}],"author":[{"embeddable":true,"href":"https:\/\/redebeneditina.org.br\/pioxi\/wp-json\/wp\/v2\/users\/4"}],"replies":[{"embeddable":true,"href":"https:\/\/redebeneditina.org.br\/pioxi\/wp-json\/wp\/v2\/comments?post=32402"}],"version-history":[{"count":1,"href":"https:\/\/redebeneditina.org.br\/pioxi\/wp-json\/wp\/v2\/posts\/32402\/revisions"}],"predecessor-version":[{"id":32408,"href":"https:\/\/redebeneditina.org.br\/pioxi\/wp-json\/wp\/v2\/posts\/32402\/revisions\/32408"}],"wp:featuredmedia":[{"embeddable":true,"href":"https:\/\/redebeneditina.org.br\/pioxi\/wp-json\/wp\/v2\/media\/32407"}],"wp:attachment":[{"href":"https:\/\/redebeneditina.org.br\/pioxi\/wp-json\/wp\/v2\/media?parent=32402"}],"wp:term":[{"taxonomy":"category","embeddable":true,"href":"https:\/\/redebeneditina.org.br\/pioxi\/wp-json\/wp\/v2\/categories?post=32402"},{"taxonomy":"post_tag","embeddable":true,"href":"https:\/\/redebeneditina.org.br\/pioxi\/wp-json\/wp\/v2\/tags?post=32402"}],"curies":[{"name":"wp","href":"https:\/\/api.w.org\/{rel}","templated":true}]}}