{"id":32409,"date":"2025-10-08T15:03:23","date_gmt":"2025-10-08T18:03:23","guid":{"rendered":"https:\/\/redebeneditina.org.br\/pioxi\/?p=32409"},"modified":"2025-10-08T15:03:23","modified_gmt":"2025-10-08T18:03:23","slug":"escola-aberta-no-instituto-pio-xi-25-10","status":"publish","type":"post","link":"https:\/\/redebeneditina.org.br\/pioxi\/escola-aberta-no-instituto-pio-xi-25-10\/","title":{"rendered":"Escola Aberta no Instituto Pio XI &#8211; 25\/10"},"content":{"rendered":"<p>Dia de Escola Aberta no Instituto Pio XI!<\/p>\n<p>No dia 25 de outubro, a partir das 8h, abriremos nossas portas para um momento especial com toda a comunidade escolar!<\/p>\n<p>Ser\u00e1 um dia de viv\u00eancias, aprendizado e acolhimento, perfeito para conhecer de perto o jeito Pio XI de ser.<\/p>\n<p>Neste dia tamb\u00e9m acontecer\u00e1 a Mostra de Arte do Instituto Pio XI com os trabalhos dos alunos da Educa\u00e7\u00e3o Infantil ao Ensino M\u00e9dio.<\/p>\n<p>Durante o evento, voc\u00ea tamb\u00e9m poder\u00e1 realizar matr\u00edculas e rematr\u00edculas para 2026 e ainda aproveitar o desconto de 12% para pagamento antecipado da parcela 1 de 2026!<\/p>\n<p>Venha viver essa experi\u00eancia conosco!<\/p>\n<p><strong>Agendamento:<\/strong><br \/>\nTel.: 3194-1400<br \/>\nWhatsApp: 99683-3909<br \/>\nsecretaria.pioxi@redebeneditina.com.br<\/p>\n","protected":false},"excerpt":{"rendered":"<p>Dia de Escola Aberta no Instituto Pio XI! No dia 25 de outubro, a partir das 8h, abriremos nossas portas para um momento especial com toda a comunidade escolar! Ser\u00e1 um dia de viv\u00eancias, aprendizado e acolhimento, perfeito para conhecer de perto o jeito Pio XI de ser. Neste dia tamb\u00e9m acontecer\u00e1 a Mostra de&#8230;<\/p>\n","protected":false},"author":4,"featured_media":32410,"comment_status":"closed","ping_status":"closed","sticky":false,"template":"","format":"standard","meta":{"_monsterinsights_skip_tracking":false,"_monsterinsights_sitenote_active":false,"_monsterinsights_sitenote_note":"","_monsterinsights_sitenote_category":0,"ngg_post_thumbnail":0,"footnotes":""},"categories":[107,88,89,90,91,82],"tags":[],"class_list":["post-32409","post","type-post","status-publish","format-standard","has-post-thumbnail","hentry","category-noticia-ano-2025-pioxi","category-ed-infantil","category-ens-fund_i","category-ens-fund_ii","category-ens-medio","category-noticias"],"_links":{"self":[{"href":"https:\/\/redebeneditina.org.br\/pioxi\/wp-json\/wp\/v2\/posts\/32409","targetHints":{"allow":["GET"]}}],"collection":[{"href":"https:\/\/redebeneditina.org.br\/pioxi\/wp-json\/wp\/v2\/posts"}],"about":[{"href":"https:\/\/redebeneditina.org.br\/pioxi\/wp-json\/wp\/v2\/types\/post"}],"author":[{"embeddable":true,"href":"https:\/\/redebeneditina.org.br\/pioxi\/wp-json\/wp\/v2\/users\/4"}],"replies":[{"embeddable":true,"href":"https:\/\/redebeneditina.org.br\/pioxi\/wp-json\/wp\/v2\/comments?post=32409"}],"version-history":[{"count":1,"href":"https:\/\/redebeneditina.org.br\/pioxi\/wp-json\/wp\/v2\/posts\/32409\/revisions"}],"predecessor-version":[{"id":32411,"href":"https:\/\/redebeneditina.org.br\/pioxi\/wp-json\/wp\/v2\/posts\/32409\/revisions\/32411"}],"wp:featuredmedia":[{"embeddable":true,"href":"https:\/\/redebeneditina.org.br\/pioxi\/wp-json\/wp\/v2\/media\/32410"}],"wp:attachment":[{"href":"https:\/\/redebeneditina.org.br\/pioxi\/wp-json\/wp\/v2\/media?parent=32409"}],"wp:term":[{"taxonomy":"category","embeddable":true,"href":"https:\/\/redebeneditina.org.br\/pioxi\/wp-json\/wp\/v2\/categories?post=32409"},{"taxonomy":"post_tag","embeddable":true,"href":"https:\/\/redebeneditina.org.br\/pioxi\/wp-json\/wp\/v2\/tags?post=32409"}],"curies":[{"name":"wp","href":"https:\/\/api.w.org\/{rel}","templated":true}]}}