{"id":32424,"date":"2025-10-07T15:08:26","date_gmt":"2025-10-07T18:08:26","guid":{"rendered":"https:\/\/redebeneditina.org.br\/pioxi\/?p=32424"},"modified":"2025-10-08T15:08:37","modified_gmt":"2025-10-08T18:08:37","slug":"somando-conhecimento-e-diversao-no-pre-2","status":"publish","type":"post","link":"https:\/\/redebeneditina.org.br\/pioxi\/somando-conhecimento-e-diversao-no-pre-2\/","title":{"rendered":"Somando Conhecimento e Divers\u00e3o no Pr\u00e9 2!"},"content":{"rendered":"<p>Os alunos do Pr\u00e9 2 se divertiram aprendendo com a m\u00e1quina da adi\u00e7\u00e3o!<\/p>\n<p>Com a chegada da primavera, realizamos a Primavera Matem\u00e1tica, onde os alunos resolveram continhas no quadro da sala de aula de forma l\u00fadica e criativa.<\/p>\n<p>Foi um momento de aprendizado cheio de cores, descobertas e alegria!<\/p>\nngg_shortcode_0_placeholder\n","protected":false},"excerpt":{"rendered":"<p>Os alunos do Pr\u00e9 2 se divertiram aprendendo com a m\u00e1quina da adi\u00e7\u00e3o! Com a chegada da primavera, realizamos a Primavera Matem\u00e1tica, onde os alunos resolveram continhas no quadro da sala de aula de forma l\u00fadica e criativa. Foi um momento de aprendizado cheio de cores, descobertas e alegria!<\/p>\n","protected":false},"author":4,"featured_media":32436,"comment_status":"closed","ping_status":"closed","sticky":false,"template":"","format":"standard","meta":{"_monsterinsights_skip_tracking":false,"_monsterinsights_sitenote_active":false,"_monsterinsights_sitenote_note":"","_monsterinsights_sitenote_category":0,"ngg_post_thumbnail":0,"footnotes":""},"categories":[107,88,82],"tags":[],"class_list":["post-32424","post","type-post","status-publish","format-standard","has-post-thumbnail","hentry","category-noticia-ano-2025-pioxi","category-ed-infantil","category-noticias"],"_links":{"self":[{"href":"https:\/\/redebeneditina.org.br\/pioxi\/wp-json\/wp\/v2\/posts\/32424","targetHints":{"allow":["GET"]}}],"collection":[{"href":"https:\/\/redebeneditina.org.br\/pioxi\/wp-json\/wp\/v2\/posts"}],"about":[{"href":"https:\/\/redebeneditina.org.br\/pioxi\/wp-json\/wp\/v2\/types\/post"}],"author":[{"embeddable":true,"href":"https:\/\/redebeneditina.org.br\/pioxi\/wp-json\/wp\/v2\/users\/4"}],"replies":[{"embeddable":true,"href":"https:\/\/redebeneditina.org.br\/pioxi\/wp-json\/wp\/v2\/comments?post=32424"}],"version-history":[{"count":1,"href":"https:\/\/redebeneditina.org.br\/pioxi\/wp-json\/wp\/v2\/posts\/32424\/revisions"}],"predecessor-version":[{"id":32437,"href":"https:\/\/redebeneditina.org.br\/pioxi\/wp-json\/wp\/v2\/posts\/32424\/revisions\/32437"}],"wp:featuredmedia":[{"embeddable":true,"href":"https:\/\/redebeneditina.org.br\/pioxi\/wp-json\/wp\/v2\/media\/32436"}],"wp:attachment":[{"href":"https:\/\/redebeneditina.org.br\/pioxi\/wp-json\/wp\/v2\/media?parent=32424"}],"wp:term":[{"taxonomy":"category","embeddable":true,"href":"https:\/\/redebeneditina.org.br\/pioxi\/wp-json\/wp\/v2\/categories?post=32424"},{"taxonomy":"post_tag","embeddable":true,"href":"https:\/\/redebeneditina.org.br\/pioxi\/wp-json\/wp\/v2\/tags?post=32424"}],"curies":[{"name":"wp","href":"https:\/\/api.w.org\/{rel}","templated":true}]}}