{"id":32438,"date":"2025-10-07T15:08:53","date_gmt":"2025-10-07T18:08:53","guid":{"rendered":"https:\/\/redebeneditina.org.br\/pioxi\/?p=32438"},"modified":"2025-10-08T15:10:17","modified_gmt":"2025-10-08T18:10:17","slug":"conversando-sobre-paz-e-convivencia-no-3o-ano","status":"publish","type":"post","link":"https:\/\/redebeneditina.org.br\/pioxi\/conversando-sobre-paz-e-convivencia-no-3o-ano\/","title":{"rendered":"Conversando sobre Paz e Conviv\u00eancia no 3\u00ba Ano"},"content":{"rendered":"<p><img fetchpriority=\"high\" decoding=\"async\" class=\"alignnone size-full wp-image-32440\" src=\"https:\/\/redebeneditina.org.br\/pioxi\/wp-content\/uploads\/2025\/10\/2025-3ano-instituto-pio-xi-ramos-2.jpg\" alt=\"\" width=\"1024\" height=\"768\" srcset=\"https:\/\/redebeneditina.org.br\/pioxi\/wp-content\/uploads\/2025\/10\/2025-3ano-instituto-pio-xi-ramos-2.jpg 1024w, https:\/\/redebeneditina.org.br\/pioxi\/wp-content\/uploads\/2025\/10\/2025-3ano-instituto-pio-xi-ramos-2-300x225.jpg 300w, https:\/\/redebeneditina.org.br\/pioxi\/wp-content\/uploads\/2025\/10\/2025-3ano-instituto-pio-xi-ramos-2-768x576.jpg 768w\" sizes=\"(max-width: 1024px) 100vw, 1024px\" \/><\/p>\n<p>Nossos alunos do 3\u00ba ano tiveram uma roda de conversa, com a psic\u00f3loga Ana L\u00facia sobre cultura de paz e a\u00e7\u00f5es contra o bullying.&nbsp;<\/p>\n<p>&nbsp;<\/p>\n","protected":false},"excerpt":{"rendered":"<p>Nossos alunos do 3\u00ba ano tiveram uma roda de conversa, com a psic\u00f3loga Ana L\u00facia sobre cultura de paz e a\u00e7\u00f5es contra o bullying.&nbsp; &nbsp;<\/p>\n","protected":false},"author":4,"featured_media":32439,"comment_status":"closed","ping_status":"closed","sticky":false,"template":"","format":"standard","meta":{"_monsterinsights_skip_tracking":false,"_monsterinsights_sitenote_active":false,"_monsterinsights_sitenote_note":"","_monsterinsights_sitenote_category":0,"ngg_post_thumbnail":0,"footnotes":""},"categories":[107,89,82],"tags":[],"class_list":["post-32438","post","type-post","status-publish","format-standard","has-post-thumbnail","hentry","category-noticia-ano-2025-pioxi","category-ens-fund_i","category-noticias"],"_links":{"self":[{"href":"https:\/\/redebeneditina.org.br\/pioxi\/wp-json\/wp\/v2\/posts\/32438","targetHints":{"allow":["GET"]}}],"collection":[{"href":"https:\/\/redebeneditina.org.br\/pioxi\/wp-json\/wp\/v2\/posts"}],"about":[{"href":"https:\/\/redebeneditina.org.br\/pioxi\/wp-json\/wp\/v2\/types\/post"}],"author":[{"embeddable":true,"href":"https:\/\/redebeneditina.org.br\/pioxi\/wp-json\/wp\/v2\/users\/4"}],"replies":[{"embeddable":true,"href":"https:\/\/redebeneditina.org.br\/pioxi\/wp-json\/wp\/v2\/comments?post=32438"}],"version-history":[{"count":1,"href":"https:\/\/redebeneditina.org.br\/pioxi\/wp-json\/wp\/v2\/posts\/32438\/revisions"}],"predecessor-version":[{"id":32441,"href":"https:\/\/redebeneditina.org.br\/pioxi\/wp-json\/wp\/v2\/posts\/32438\/revisions\/32441"}],"wp:featuredmedia":[{"embeddable":true,"href":"https:\/\/redebeneditina.org.br\/pioxi\/wp-json\/wp\/v2\/media\/32439"}],"wp:attachment":[{"href":"https:\/\/redebeneditina.org.br\/pioxi\/wp-json\/wp\/v2\/media?parent=32438"}],"wp:term":[{"taxonomy":"category","embeddable":true,"href":"https:\/\/redebeneditina.org.br\/pioxi\/wp-json\/wp\/v2\/categories?post=32438"},{"taxonomy":"post_tag","embeddable":true,"href":"https:\/\/redebeneditina.org.br\/pioxi\/wp-json\/wp\/v2\/tags?post=32438"}],"curies":[{"name":"wp","href":"https:\/\/api.w.org\/{rel}","templated":true}]}}