{"id":32442,"date":"2025-10-07T15:10:33","date_gmt":"2025-10-07T18:10:33","guid":{"rendered":"https:\/\/redebeneditina.org.br\/pioxi\/?p=32442"},"modified":"2025-10-08T15:12:03","modified_gmt":"2025-10-08T18:12:03","slug":"figuras-geometricas-espaciais-no-pre-i","status":"publish","type":"post","link":"https:\/\/redebeneditina.org.br\/pioxi\/figuras-geometricas-espaciais-no-pre-i\/","title":{"rendered":"Figuras geom\u00e9tricas espaciais no Pr\u00e9 I"},"content":{"rendered":"<p>As crian\u00e7as exploraram as figuras geom\u00e9tricas espaciais na sala de matem\u00e1tica atrav\u00e9s do livro, jogo e pe\u00e7as de s\u00f3lidos geom\u00e9tricos.<\/p>\n<p>A atividade possibilitou observar, comparar e manusear as formas, desenvolvendo a percep\u00e7\u00e3o espacial, o racioc\u00ednio l\u00f3gico e o aprendizado de maneira l\u00fadica e divertida.<\/p>\nngg_shortcode_0_placeholder\n","protected":false},"excerpt":{"rendered":"<p>As crian\u00e7as exploraram as figuras geom\u00e9tricas espaciais na sala de matem\u00e1tica atrav\u00e9s do livro, jogo e pe\u00e7as de s\u00f3lidos geom\u00e9tricos. A atividade possibilitou observar, comparar e manusear as formas, desenvolvendo a percep\u00e7\u00e3o espacial, o racioc\u00ednio l\u00f3gico e o aprendizado de maneira l\u00fadica e divertida.<\/p>\n","protected":false},"author":4,"featured_media":32453,"comment_status":"closed","ping_status":"closed","sticky":false,"template":"","format":"standard","meta":{"_monsterinsights_skip_tracking":false,"_monsterinsights_sitenote_active":false,"_monsterinsights_sitenote_note":"","_monsterinsights_sitenote_category":0,"ngg_post_thumbnail":0,"footnotes":""},"categories":[107,88,82],"tags":[],"class_list":["post-32442","post","type-post","status-publish","format-standard","has-post-thumbnail","hentry","category-noticia-ano-2025-pioxi","category-ed-infantil","category-noticias"],"_links":{"self":[{"href":"https:\/\/redebeneditina.org.br\/pioxi\/wp-json\/wp\/v2\/posts\/32442","targetHints":{"allow":["GET"]}}],"collection":[{"href":"https:\/\/redebeneditina.org.br\/pioxi\/wp-json\/wp\/v2\/posts"}],"about":[{"href":"https:\/\/redebeneditina.org.br\/pioxi\/wp-json\/wp\/v2\/types\/post"}],"author":[{"embeddable":true,"href":"https:\/\/redebeneditina.org.br\/pioxi\/wp-json\/wp\/v2\/users\/4"}],"replies":[{"embeddable":true,"href":"https:\/\/redebeneditina.org.br\/pioxi\/wp-json\/wp\/v2\/comments?post=32442"}],"version-history":[{"count":1,"href":"https:\/\/redebeneditina.org.br\/pioxi\/wp-json\/wp\/v2\/posts\/32442\/revisions"}],"predecessor-version":[{"id":32454,"href":"https:\/\/redebeneditina.org.br\/pioxi\/wp-json\/wp\/v2\/posts\/32442\/revisions\/32454"}],"wp:featuredmedia":[{"embeddable":true,"href":"https:\/\/redebeneditina.org.br\/pioxi\/wp-json\/wp\/v2\/media\/32453"}],"wp:attachment":[{"href":"https:\/\/redebeneditina.org.br\/pioxi\/wp-json\/wp\/v2\/media?parent=32442"}],"wp:term":[{"taxonomy":"category","embeddable":true,"href":"https:\/\/redebeneditina.org.br\/pioxi\/wp-json\/wp\/v2\/categories?post=32442"},{"taxonomy":"post_tag","embeddable":true,"href":"https:\/\/redebeneditina.org.br\/pioxi\/wp-json\/wp\/v2\/tags?post=32442"}],"curies":[{"name":"wp","href":"https:\/\/api.w.org\/{rel}","templated":true}]}}