{"id":32455,"date":"2025-10-07T15:12:30","date_gmt":"2025-10-07T18:12:30","guid":{"rendered":"https:\/\/redebeneditina.org.br\/pioxi\/?p=32455"},"modified":"2025-10-08T15:14:07","modified_gmt":"2025-10-08T18:14:07","slug":"fundamental-i-na-segunda-fase-da-olimpiada-de-portugues","status":"publish","type":"post","link":"https:\/\/redebeneditina.org.br\/pioxi\/fundamental-i-na-segunda-fase-da-olimpiada-de-portugues\/","title":{"rendered":"Fundamental I na Segunda Fase da Olimp\u00edada de Portugu\u00eas!"},"content":{"rendered":"<p>Nossos alunos&nbsp;do primeiro ao quinto ano do Ensino Fundamental I participaram hoje da segunda fase da Olimp\u00edada de Portugu\u00eas B\u00ea-\u00e1-b\u00e1.&nbsp;<\/p>\n<div>Estamos certos de que teremos excelentes resultados.&nbsp;<\/div>\n<div>ngg_shortcode_0_placeholder<\/div>\n","protected":false},"excerpt":{"rendered":"<p>Nossos alunos&nbsp;do primeiro ao quinto ano do Ensino Fundamental I participaram hoje da segunda fase da Olimp\u00edada de Portugu\u00eas B\u00ea-\u00e1-b\u00e1.&nbsp; Estamos certos de que teremos excelentes resultados.&nbsp;<\/p>\n","protected":false},"author":4,"featured_media":32462,"comment_status":"closed","ping_status":"closed","sticky":false,"template":"","format":"standard","meta":{"_monsterinsights_skip_tracking":false,"_monsterinsights_sitenote_active":false,"_monsterinsights_sitenote_note":"","_monsterinsights_sitenote_category":0,"ngg_post_thumbnail":0,"footnotes":""},"categories":[107,89,82],"tags":[],"class_list":["post-32455","post","type-post","status-publish","format-standard","has-post-thumbnail","hentry","category-noticia-ano-2025-pioxi","category-ens-fund_i","category-noticias"],"_links":{"self":[{"href":"https:\/\/redebeneditina.org.br\/pioxi\/wp-json\/wp\/v2\/posts\/32455","targetHints":{"allow":["GET"]}}],"collection":[{"href":"https:\/\/redebeneditina.org.br\/pioxi\/wp-json\/wp\/v2\/posts"}],"about":[{"href":"https:\/\/redebeneditina.org.br\/pioxi\/wp-json\/wp\/v2\/types\/post"}],"author":[{"embeddable":true,"href":"https:\/\/redebeneditina.org.br\/pioxi\/wp-json\/wp\/v2\/users\/4"}],"replies":[{"embeddable":true,"href":"https:\/\/redebeneditina.org.br\/pioxi\/wp-json\/wp\/v2\/comments?post=32455"}],"version-history":[{"count":1,"href":"https:\/\/redebeneditina.org.br\/pioxi\/wp-json\/wp\/v2\/posts\/32455\/revisions"}],"predecessor-version":[{"id":32463,"href":"https:\/\/redebeneditina.org.br\/pioxi\/wp-json\/wp\/v2\/posts\/32455\/revisions\/32463"}],"wp:featuredmedia":[{"embeddable":true,"href":"https:\/\/redebeneditina.org.br\/pioxi\/wp-json\/wp\/v2\/media\/32462"}],"wp:attachment":[{"href":"https:\/\/redebeneditina.org.br\/pioxi\/wp-json\/wp\/v2\/media?parent=32455"}],"wp:term":[{"taxonomy":"category","embeddable":true,"href":"https:\/\/redebeneditina.org.br\/pioxi\/wp-json\/wp\/v2\/categories?post=32455"},{"taxonomy":"post_tag","embeddable":true,"href":"https:\/\/redebeneditina.org.br\/pioxi\/wp-json\/wp\/v2\/tags?post=32455"}],"curies":[{"name":"wp","href":"https:\/\/api.w.org\/{rel}","templated":true}]}}