{"id":32503,"date":"2025-10-10T17:51:43","date_gmt":"2025-10-10T20:51:43","guid":{"rendered":"https:\/\/redebeneditina.org.br\/pioxi\/?p=32503"},"modified":"2025-10-10T17:51:43","modified_gmt":"2025-10-10T20:51:43","slug":"4o-intergeracoes-de-handebol-instituto-pio-xi","status":"publish","type":"post","link":"https:\/\/redebeneditina.org.br\/pioxi\/4o-intergeracoes-de-handebol-instituto-pio-xi\/","title":{"rendered":"4\u00ba Intergera\u00e7\u00f5es de Handebol \u2013 Instituto Pio XI"},"content":{"rendered":"<p data-start=\"157\" data-end=\"328\">O Instituto Pio XI convida todos os ex-alunos e amigos para o 4\u00ba Intergera\u00e7\u00f5es de Handebol, um evento que promete muita emo\u00e7\u00e3o, reencontros e momentos inesquec\u00edveis!<\/p>\n<p data-start=\"330\" data-end=\"528\">\ud83d\udcab Gera\u00e7\u00f5es das d\u00e9cadas de 80, 90 e 2000 se re\u00fanem para reviver a paix\u00e3o pelo esporte, celebrar amizades e fortalecer o esp\u00edrito de confraterniza\u00e7\u00e3o que sempre marcou nossa comunidade escolar.<\/p>\n<p data-start=\"530\" data-end=\"676\">Venha torcer, confraternizar e relembrar grandes momentos!<\/p>\n<p data-start=\"530\" data-end=\"676\">N\u00e3o perca essa oportunidade de reviver as mem\u00f3rias e vibrar junto com o Pio XI!<\/p>\n<p data-start=\"678\" data-end=\"760\">\ud83d\udcc5 Data: 18 de outubro<br data-start=\"704\" data-end=\"707\">\u23f0 Abertura: 8h<br data-start=\"725\" data-end=\"728\">\ud83d\udccd Local: Instituto Pio XI<\/p>\n<p data-start=\"678\" data-end=\"760\">&nbsp;<\/p>\n<p data-start=\"678\" data-end=\"760\">&nbsp;<\/p>\n","protected":false},"excerpt":{"rendered":"<p>O Instituto Pio XI convida todos os ex-alunos e amigos para o 4\u00ba Intergera\u00e7\u00f5es de Handebol, um evento que promete muita emo\u00e7\u00e3o, reencontros e momentos inesquec\u00edveis! \ud83d\udcab Gera\u00e7\u00f5es das d\u00e9cadas de 80, 90 e 2000 se re\u00fanem para reviver a paix\u00e3o pelo esporte, celebrar amizades e fortalecer o esp\u00edrito de confraterniza\u00e7\u00e3o que sempre marcou nossa&#8230;<\/p>\n","protected":false},"author":4,"featured_media":32504,"comment_status":"closed","ping_status":"closed","sticky":false,"template":"","format":"standard","meta":{"_monsterinsights_skip_tracking":false,"_monsterinsights_sitenote_active":false,"_monsterinsights_sitenote_note":"","_monsterinsights_sitenote_category":0,"ngg_post_thumbnail":0,"footnotes":""},"categories":[107,88,89,90,91,82],"tags":[],"class_list":["post-32503","post","type-post","status-publish","format-standard","has-post-thumbnail","hentry","category-noticia-ano-2025-pioxi","category-ed-infantil","category-ens-fund_i","category-ens-fund_ii","category-ens-medio","category-noticias"],"_links":{"self":[{"href":"https:\/\/redebeneditina.org.br\/pioxi\/wp-json\/wp\/v2\/posts\/32503","targetHints":{"allow":["GET"]}}],"collection":[{"href":"https:\/\/redebeneditina.org.br\/pioxi\/wp-json\/wp\/v2\/posts"}],"about":[{"href":"https:\/\/redebeneditina.org.br\/pioxi\/wp-json\/wp\/v2\/types\/post"}],"author":[{"embeddable":true,"href":"https:\/\/redebeneditina.org.br\/pioxi\/wp-json\/wp\/v2\/users\/4"}],"replies":[{"embeddable":true,"href":"https:\/\/redebeneditina.org.br\/pioxi\/wp-json\/wp\/v2\/comments?post=32503"}],"version-history":[{"count":1,"href":"https:\/\/redebeneditina.org.br\/pioxi\/wp-json\/wp\/v2\/posts\/32503\/revisions"}],"predecessor-version":[{"id":32505,"href":"https:\/\/redebeneditina.org.br\/pioxi\/wp-json\/wp\/v2\/posts\/32503\/revisions\/32505"}],"wp:featuredmedia":[{"embeddable":true,"href":"https:\/\/redebeneditina.org.br\/pioxi\/wp-json\/wp\/v2\/media\/32504"}],"wp:attachment":[{"href":"https:\/\/redebeneditina.org.br\/pioxi\/wp-json\/wp\/v2\/media?parent=32503"}],"wp:term":[{"taxonomy":"category","embeddable":true,"href":"https:\/\/redebeneditina.org.br\/pioxi\/wp-json\/wp\/v2\/categories?post=32503"},{"taxonomy":"post_tag","embeddable":true,"href":"https:\/\/redebeneditina.org.br\/pioxi\/wp-json\/wp\/v2\/tags?post=32503"}],"curies":[{"name":"wp","href":"https:\/\/api.w.org\/{rel}","templated":true}]}}