{"id":32514,"date":"2025-10-13T15:57:32","date_gmt":"2025-10-13T18:57:32","guid":{"rendered":"https:\/\/redebeneditina.org.br\/pioxi\/?p=32514"},"modified":"2025-10-13T15:57:32","modified_gmt":"2025-10-13T18:57:32","slug":"explorando-o-futuro-visita-ao-instituto-de-quimica-da-ufrj","status":"publish","type":"post","link":"https:\/\/redebeneditina.org.br\/pioxi\/explorando-o-futuro-visita-ao-instituto-de-quimica-da-ufrj\/","title":{"rendered":"Explorando o Futuro: Visita ao Instituto de Qu\u00edmica da UFRJ!"},"content":{"rendered":"<p>Nossos alunos da 3\u00aa s\u00e9rie do Ensino M\u00e9dio, acompanhados pelo professor Eduardo e a monitora Camilly, visitaram o&nbsp;Instituto de Qu\u00edmica da UFRJ, no dia&nbsp;10\/10\/2025!<\/p>\n<p>A visita foi um momento de&nbsp;aprendizado, troca e inspira\u00e7\u00e3o, permitindo que os estudantes conhecessem de perto o universo acad\u00eamico e as possibilidades que a universidade oferece.&nbsp;<\/p>\nngg_shortcode_0_placeholder\n<p>&nbsp;<\/p>\n","protected":false},"excerpt":{"rendered":"<p>Nossos alunos da 3\u00aa s\u00e9rie do Ensino M\u00e9dio, acompanhados pelo professor Eduardo e a monitora Camilly, visitaram o&nbsp;Instituto de Qu\u00edmica da UFRJ, no dia&nbsp;10\/10\/2025! A visita foi um momento de&nbsp;aprendizado, troca e inspira\u00e7\u00e3o, permitindo que os estudantes conhecessem de perto o universo acad\u00eamico e as possibilidades que a universidade oferece.&nbsp; &nbsp; &nbsp;<\/p>\n","protected":false},"author":4,"featured_media":32520,"comment_status":"closed","ping_status":"closed","sticky":false,"template":"","format":"standard","meta":{"_monsterinsights_skip_tracking":false,"_monsterinsights_sitenote_active":false,"_monsterinsights_sitenote_note":"","_monsterinsights_sitenote_category":0,"ngg_post_thumbnail":0,"footnotes":""},"categories":[107,91,82],"tags":[],"class_list":["post-32514","post","type-post","status-publish","format-standard","has-post-thumbnail","hentry","category-noticia-ano-2025-pioxi","category-ens-medio","category-noticias"],"_links":{"self":[{"href":"https:\/\/redebeneditina.org.br\/pioxi\/wp-json\/wp\/v2\/posts\/32514","targetHints":{"allow":["GET"]}}],"collection":[{"href":"https:\/\/redebeneditina.org.br\/pioxi\/wp-json\/wp\/v2\/posts"}],"about":[{"href":"https:\/\/redebeneditina.org.br\/pioxi\/wp-json\/wp\/v2\/types\/post"}],"author":[{"embeddable":true,"href":"https:\/\/redebeneditina.org.br\/pioxi\/wp-json\/wp\/v2\/users\/4"}],"replies":[{"embeddable":true,"href":"https:\/\/redebeneditina.org.br\/pioxi\/wp-json\/wp\/v2\/comments?post=32514"}],"version-history":[{"count":1,"href":"https:\/\/redebeneditina.org.br\/pioxi\/wp-json\/wp\/v2\/posts\/32514\/revisions"}],"predecessor-version":[{"id":32521,"href":"https:\/\/redebeneditina.org.br\/pioxi\/wp-json\/wp\/v2\/posts\/32514\/revisions\/32521"}],"wp:featuredmedia":[{"embeddable":true,"href":"https:\/\/redebeneditina.org.br\/pioxi\/wp-json\/wp\/v2\/media\/32520"}],"wp:attachment":[{"href":"https:\/\/redebeneditina.org.br\/pioxi\/wp-json\/wp\/v2\/media?parent=32514"}],"wp:term":[{"taxonomy":"category","embeddable":true,"href":"https:\/\/redebeneditina.org.br\/pioxi\/wp-json\/wp\/v2\/categories?post=32514"},{"taxonomy":"post_tag","embeddable":true,"href":"https:\/\/redebeneditina.org.br\/pioxi\/wp-json\/wp\/v2\/tags?post=32514"}],"curies":[{"name":"wp","href":"https:\/\/api.w.org\/{rel}","templated":true}]}}