{"id":32558,"date":"2025-10-16T16:34:24","date_gmt":"2025-10-16T19:34:24","guid":{"rendered":"https:\/\/redebeneditina.org.br\/pioxi\/?p=32558"},"modified":"2025-10-16T16:34:24","modified_gmt":"2025-10-16T19:34:24","slug":"aprendizado-e-diversao-no-passeio-cultural-pizzamatica-e-aquario","status":"publish","type":"post","link":"https:\/\/redebeneditina.org.br\/pioxi\/aprendizado-e-diversao-no-passeio-cultural-pizzamatica-e-aquario\/","title":{"rendered":"Aprendizado e Divers\u00e3o no Passeio Cultural \u201cPizzam\u00e1tica\u201d e AquaRio"},"content":{"rendered":"<p>Os alunos do 6\u00ba ano tiveram um dia especial com o passeio cultural &#8220;Pizzam\u00e1tica&#8221; e visita ao AquaRio. Eles foram acompanhados pela professora Andr\u00e9a Chagas.<\/p>\n<p>Entre sabores, descobertas e muita curiosidade, os estudantes vivenciaram momentos de aprendizado fora da sala de aula!<\/p>\n<p>Na pizzaria, aprenderam sobre fra\u00e7\u00f5es e no AquaRio, exploraram a biodiversidade marinha e refletiram sobre a import\u00e2ncia da preserva\u00e7\u00e3o ambiental.<\/p>\n<p>Um dia de conhecimento, divers\u00e3o e mem\u00f3rias&nbsp;inesquec\u00edveis!<\/p>\nngg_shortcode_0_placeholder\n","protected":false},"excerpt":{"rendered":"<p>Os alunos do 6\u00ba ano tiveram um dia especial com o passeio cultural &#8220;Pizzam\u00e1tica&#8221; e visita ao AquaRio. Eles foram acompanhados pela professora Andr\u00e9a Chagas. Entre sabores, descobertas e muita curiosidade, os estudantes vivenciaram momentos de aprendizado fora da sala de aula! Na pizzaria, aprenderam sobre fra\u00e7\u00f5es e no AquaRio, exploraram a biodiversidade marinha e&#8230;<\/p>\n","protected":false},"author":4,"featured_media":32568,"comment_status":"closed","ping_status":"closed","sticky":false,"template":"","format":"standard","meta":{"_monsterinsights_skip_tracking":false,"_monsterinsights_sitenote_active":false,"_monsterinsights_sitenote_note":"","_monsterinsights_sitenote_category":0,"ngg_post_thumbnail":0,"footnotes":""},"categories":[107,90,82],"tags":[],"class_list":["post-32558","post","type-post","status-publish","format-standard","has-post-thumbnail","hentry","category-noticia-ano-2025-pioxi","category-ens-fund_ii","category-noticias"],"_links":{"self":[{"href":"https:\/\/redebeneditina.org.br\/pioxi\/wp-json\/wp\/v2\/posts\/32558","targetHints":{"allow":["GET"]}}],"collection":[{"href":"https:\/\/redebeneditina.org.br\/pioxi\/wp-json\/wp\/v2\/posts"}],"about":[{"href":"https:\/\/redebeneditina.org.br\/pioxi\/wp-json\/wp\/v2\/types\/post"}],"author":[{"embeddable":true,"href":"https:\/\/redebeneditina.org.br\/pioxi\/wp-json\/wp\/v2\/users\/4"}],"replies":[{"embeddable":true,"href":"https:\/\/redebeneditina.org.br\/pioxi\/wp-json\/wp\/v2\/comments?post=32558"}],"version-history":[{"count":1,"href":"https:\/\/redebeneditina.org.br\/pioxi\/wp-json\/wp\/v2\/posts\/32558\/revisions"}],"predecessor-version":[{"id":32569,"href":"https:\/\/redebeneditina.org.br\/pioxi\/wp-json\/wp\/v2\/posts\/32558\/revisions\/32569"}],"wp:featuredmedia":[{"embeddable":true,"href":"https:\/\/redebeneditina.org.br\/pioxi\/wp-json\/wp\/v2\/media\/32568"}],"wp:attachment":[{"href":"https:\/\/redebeneditina.org.br\/pioxi\/wp-json\/wp\/v2\/media?parent=32558"}],"wp:term":[{"taxonomy":"category","embeddable":true,"href":"https:\/\/redebeneditina.org.br\/pioxi\/wp-json\/wp\/v2\/categories?post=32558"},{"taxonomy":"post_tag","embeddable":true,"href":"https:\/\/redebeneditina.org.br\/pioxi\/wp-json\/wp\/v2\/tags?post=32558"}],"curies":[{"name":"wp","href":"https:\/\/api.w.org\/{rel}","templated":true}]}}