{"id":32908,"date":"2025-11-13T19:05:46","date_gmt":"2025-11-13T22:05:46","guid":{"rendered":"https:\/\/redebeneditina.org.br\/pioxi\/?p=32908"},"modified":"2025-11-13T19:05:46","modified_gmt":"2025-11-13T22:05:46","slug":"aula-show-de-quimica-e-fisica-no-9o-ano","status":"publish","type":"post","link":"https:\/\/redebeneditina.org.br\/pioxi\/aula-show-de-quimica-e-fisica-no-9o-ano\/","title":{"rendered":"Aula Show de Qu\u00edmica e F\u00edsica no 9\u00ba ano"},"content":{"rendered":"<div>\n<div>Nossos alunos do 9 Ano participaram de uma Aula Show de Qu\u00edmica e F\u00edsica. Nestas aulas conheceram alguns professores, assim como duas das disciplinas que far\u00e3o parte do curr\u00edculo do Ensino M\u00e9dio. Foi um momento de curiosidade e descobertas, despertando em nossos estudantes o interesse pela Ci\u00eancia.<\/div>\n<div>&nbsp;<\/div>\n<div>Neste momento, os estudantes apenas observaram as demonstra\u00e7\u00f5es, acompanhando atentamente cada experimento. \u00c9 importante lembrar que, nas aulas pr\u00e1ticas de laborat\u00f3rio, o uso do jaleco e da cal\u00e7a comprida esther\u00e9 indispens\u00e1vel para garantir a seguran\u00e7a de todos.<\/div>\n<div>&nbsp;<\/div>\n<div>Sigamos rumo ao Ensino M\u00e9dio de Excel\u00eancia!<\/div>\n<\/div>\n<div>&nbsp;<\/div>\n<div>ngg_shortcode_0_placeholder<\/div>\n","protected":false},"excerpt":{"rendered":"<p>Nossos alunos do 9 Ano participaram de uma Aula Show de Qu\u00edmica e F\u00edsica. Nestas aulas conheceram alguns professores, assim como duas das disciplinas que far\u00e3o parte do curr\u00edculo do Ensino M\u00e9dio. Foi um momento de curiosidade e descobertas, despertando em nossos estudantes o interesse pela Ci\u00eancia. &nbsp; Neste momento, os estudantes apenas observaram as&#8230;<\/p>\n","protected":false},"author":4,"featured_media":32918,"comment_status":"closed","ping_status":"closed","sticky":false,"template":"","format":"standard","meta":{"_monsterinsights_skip_tracking":false,"_monsterinsights_sitenote_active":false,"_monsterinsights_sitenote_note":"","_monsterinsights_sitenote_category":0,"ngg_post_thumbnail":0,"footnotes":""},"categories":[107,90,82],"tags":[],"class_list":["post-32908","post","type-post","status-publish","format-standard","has-post-thumbnail","hentry","category-noticia-ano-2025-pioxi","category-ens-fund_ii","category-noticias"],"_links":{"self":[{"href":"https:\/\/redebeneditina.org.br\/pioxi\/wp-json\/wp\/v2\/posts\/32908","targetHints":{"allow":["GET"]}}],"collection":[{"href":"https:\/\/redebeneditina.org.br\/pioxi\/wp-json\/wp\/v2\/posts"}],"about":[{"href":"https:\/\/redebeneditina.org.br\/pioxi\/wp-json\/wp\/v2\/types\/post"}],"author":[{"embeddable":true,"href":"https:\/\/redebeneditina.org.br\/pioxi\/wp-json\/wp\/v2\/users\/4"}],"replies":[{"embeddable":true,"href":"https:\/\/redebeneditina.org.br\/pioxi\/wp-json\/wp\/v2\/comments?post=32908"}],"version-history":[{"count":1,"href":"https:\/\/redebeneditina.org.br\/pioxi\/wp-json\/wp\/v2\/posts\/32908\/revisions"}],"predecessor-version":[{"id":32919,"href":"https:\/\/redebeneditina.org.br\/pioxi\/wp-json\/wp\/v2\/posts\/32908\/revisions\/32919"}],"wp:featuredmedia":[{"embeddable":true,"href":"https:\/\/redebeneditina.org.br\/pioxi\/wp-json\/wp\/v2\/media\/32918"}],"wp:attachment":[{"href":"https:\/\/redebeneditina.org.br\/pioxi\/wp-json\/wp\/v2\/media?parent=32908"}],"wp:term":[{"taxonomy":"category","embeddable":true,"href":"https:\/\/redebeneditina.org.br\/pioxi\/wp-json\/wp\/v2\/categories?post=32908"},{"taxonomy":"post_tag","embeddable":true,"href":"https:\/\/redebeneditina.org.br\/pioxi\/wp-json\/wp\/v2\/tags?post=32908"}],"curies":[{"name":"wp","href":"https:\/\/api.w.org\/{rel}","templated":true}]}}