{"id":32921,"date":"2025-11-24T11:56:53","date_gmt":"2025-11-24T14:56:53","guid":{"rendered":"https:\/\/redebeneditina.org.br\/pioxi\/?p=32921"},"modified":"2025-11-24T11:56:53","modified_gmt":"2025-11-24T14:56:53","slug":"educacao-financeira-no-1o-ano-aprendendo-com-brincadeira-e-autonomia","status":"publish","type":"post","link":"https:\/\/redebeneditina.org.br\/pioxi\/educacao-financeira-no-1o-ano-aprendendo-com-brincadeira-e-autonomia\/","title":{"rendered":"Educa\u00e7\u00e3o Financeira no 1\u00ba Ano: Aprendendo com Brincadeira e Autonomia"},"content":{"rendered":"<p>&nbsp;A turma do primeiro ano est\u00e1 explorando a educa\u00e7\u00e3o financeira, aprendendo a diferenciar sonhos de necessidades e compreendendo o sistema monet\u00e1rio.<\/p>\n<p>Na brinquedoteca, as crian\u00e7as vivenciaram essa aprendizagem de forma l\u00fadica, praticando c\u00e1lculos mentais para pagar suas compras e conferir o troco, desenvolvendo autonomia e racioc\u00ednio l\u00f3gico.&nbsp;&nbsp;<\/p>\nngg_shortcode_0_placeholder\n","protected":false},"excerpt":{"rendered":"<p>&nbsp;A turma do primeiro ano est\u00e1 explorando a educa\u00e7\u00e3o financeira, aprendendo a diferenciar sonhos de necessidades e compreendendo o sistema monet\u00e1rio. Na brinquedoteca, as crian\u00e7as vivenciaram essa aprendizagem de forma l\u00fadica, praticando c\u00e1lculos mentais para pagar suas compras e conferir o troco, desenvolvendo autonomia e racioc\u00ednio l\u00f3gico.&nbsp;&nbsp;<\/p>\n","protected":false},"author":4,"featured_media":32933,"comment_status":"closed","ping_status":"closed","sticky":false,"template":"","format":"standard","meta":{"_monsterinsights_skip_tracking":false,"_monsterinsights_sitenote_active":false,"_monsterinsights_sitenote_note":"","_monsterinsights_sitenote_category":0,"ngg_post_thumbnail":0,"footnotes":""},"categories":[107,89,82],"tags":[],"class_list":["post-32921","post","type-post","status-publish","format-standard","has-post-thumbnail","hentry","category-noticia-ano-2025-pioxi","category-ens-fund_i","category-noticias"],"_links":{"self":[{"href":"https:\/\/redebeneditina.org.br\/pioxi\/wp-json\/wp\/v2\/posts\/32921","targetHints":{"allow":["GET"]}}],"collection":[{"href":"https:\/\/redebeneditina.org.br\/pioxi\/wp-json\/wp\/v2\/posts"}],"about":[{"href":"https:\/\/redebeneditina.org.br\/pioxi\/wp-json\/wp\/v2\/types\/post"}],"author":[{"embeddable":true,"href":"https:\/\/redebeneditina.org.br\/pioxi\/wp-json\/wp\/v2\/users\/4"}],"replies":[{"embeddable":true,"href":"https:\/\/redebeneditina.org.br\/pioxi\/wp-json\/wp\/v2\/comments?post=32921"}],"version-history":[{"count":1,"href":"https:\/\/redebeneditina.org.br\/pioxi\/wp-json\/wp\/v2\/posts\/32921\/revisions"}],"predecessor-version":[{"id":32934,"href":"https:\/\/redebeneditina.org.br\/pioxi\/wp-json\/wp\/v2\/posts\/32921\/revisions\/32934"}],"wp:featuredmedia":[{"embeddable":true,"href":"https:\/\/redebeneditina.org.br\/pioxi\/wp-json\/wp\/v2\/media\/32933"}],"wp:attachment":[{"href":"https:\/\/redebeneditina.org.br\/pioxi\/wp-json\/wp\/v2\/media?parent=32921"}],"wp:term":[{"taxonomy":"category","embeddable":true,"href":"https:\/\/redebeneditina.org.br\/pioxi\/wp-json\/wp\/v2\/categories?post=32921"},{"taxonomy":"post_tag","embeddable":true,"href":"https:\/\/redebeneditina.org.br\/pioxi\/wp-json\/wp\/v2\/tags?post=32921"}],"curies":[{"name":"wp","href":"https:\/\/api.w.org\/{rel}","templated":true}]}}