{"id":32951,"date":"2025-11-24T12:01:56","date_gmt":"2025-11-24T15:01:56","guid":{"rendered":"https:\/\/redebeneditina.org.br\/pioxi\/?p=32951"},"modified":"2025-11-24T12:01:56","modified_gmt":"2025-11-24T15:01:56","slug":"educacao-tecnologica-no-pre-2","status":"publish","type":"post","link":"https:\/\/redebeneditina.org.br\/pioxi\/educacao-tecnologica-no-pre-2\/","title":{"rendered":"Educa\u00e7\u00e3o Tecnol\u00f3gica no Pr\u00e9 2"},"content":{"rendered":"<p>As turmas do Pr\u00e9 2, orientadas pelas professoras Gabriella e Luciane, participaram de uma atividade especial no laborat\u00f3rio de inform\u00e1tica. As crian\u00e7as exploraram os computadores e atrav\u00e9s dos jogos fizeram a revis\u00e3o das s\u00edlabas, participaram de jogos sil\u00e1bicos, unindo aprendizagem, concentra\u00e7\u00e3o e divers\u00e3o.<\/p>\n<p>Nossa escola acredita em uma educa\u00e7\u00e3o que acolhe, assiste, educa e integra a tecnologia com prop\u00f3sito.<\/p>\nngg_shortcode_0_placeholder\n","protected":false},"excerpt":{"rendered":"<p>As turmas do Pr\u00e9 2, orientadas pelas professoras Gabriella e Luciane, participaram de uma atividade especial no laborat\u00f3rio de inform\u00e1tica. As crian\u00e7as exploraram os computadores e atrav\u00e9s dos jogos fizeram a revis\u00e3o das s\u00edlabas, participaram de jogos sil\u00e1bicos, unindo aprendizagem, concentra\u00e7\u00e3o e divers\u00e3o. Nossa escola acredita em uma educa\u00e7\u00e3o que acolhe, assiste, educa e integra&#8230;<\/p>\n","protected":false},"author":4,"featured_media":32963,"comment_status":"closed","ping_status":"closed","sticky":false,"template":"","format":"standard","meta":{"_monsterinsights_skip_tracking":false,"_monsterinsights_sitenote_active":false,"_monsterinsights_sitenote_note":"","_monsterinsights_sitenote_category":0,"ngg_post_thumbnail":0,"footnotes":""},"categories":[107,88,82],"tags":[],"class_list":["post-32951","post","type-post","status-publish","format-standard","has-post-thumbnail","hentry","category-noticia-ano-2025-pioxi","category-ed-infantil","category-noticias"],"_links":{"self":[{"href":"https:\/\/redebeneditina.org.br\/pioxi\/wp-json\/wp\/v2\/posts\/32951","targetHints":{"allow":["GET"]}}],"collection":[{"href":"https:\/\/redebeneditina.org.br\/pioxi\/wp-json\/wp\/v2\/posts"}],"about":[{"href":"https:\/\/redebeneditina.org.br\/pioxi\/wp-json\/wp\/v2\/types\/post"}],"author":[{"embeddable":true,"href":"https:\/\/redebeneditina.org.br\/pioxi\/wp-json\/wp\/v2\/users\/4"}],"replies":[{"embeddable":true,"href":"https:\/\/redebeneditina.org.br\/pioxi\/wp-json\/wp\/v2\/comments?post=32951"}],"version-history":[{"count":1,"href":"https:\/\/redebeneditina.org.br\/pioxi\/wp-json\/wp\/v2\/posts\/32951\/revisions"}],"predecessor-version":[{"id":32964,"href":"https:\/\/redebeneditina.org.br\/pioxi\/wp-json\/wp\/v2\/posts\/32951\/revisions\/32964"}],"wp:featuredmedia":[{"embeddable":true,"href":"https:\/\/redebeneditina.org.br\/pioxi\/wp-json\/wp\/v2\/media\/32963"}],"wp:attachment":[{"href":"https:\/\/redebeneditina.org.br\/pioxi\/wp-json\/wp\/v2\/media?parent=32951"}],"wp:term":[{"taxonomy":"category","embeddable":true,"href":"https:\/\/redebeneditina.org.br\/pioxi\/wp-json\/wp\/v2\/categories?post=32951"},{"taxonomy":"post_tag","embeddable":true,"href":"https:\/\/redebeneditina.org.br\/pioxi\/wp-json\/wp\/v2\/tags?post=32951"}],"curies":[{"name":"wp","href":"https:\/\/api.w.org\/{rel}","templated":true}]}}