{"id":32965,"date":"2025-11-25T22:47:30","date_gmt":"2025-11-26T01:47:30","guid":{"rendered":"https:\/\/redebeneditina.org.br\/pioxi\/?p=32965"},"modified":"2025-11-25T22:47:30","modified_gmt":"2025-11-26T01:47:30","slug":"educacao-infantil-em-cores-viva-a-bandeira","status":"publish","type":"post","link":"https:\/\/redebeneditina.org.br\/pioxi\/educacao-infantil-em-cores-viva-a-bandeira\/","title":{"rendered":"Educa\u00e7\u00e3o Infantil em Cores: Viva a Bandeira!"},"content":{"rendered":"<p>Dia 19 de Novembro comemoramos o dia da bandeira.<\/p>\n<p>Os alunos da Educa\u00e7\u00e3o Infantil aprenderam de forma divertida sobre as cores e o significado da nossa bandeira, com m\u00fasica, conversas e muita arte!<\/p>\nngg_shortcode_0_placeholder\n","protected":false},"excerpt":{"rendered":"<p>Dia 19 de Novembro comemoramos o dia da bandeira. Os alunos da Educa\u00e7\u00e3o Infantil aprenderam de forma divertida sobre as cores e o significado da nossa bandeira, com m\u00fasica, conversas e muita arte!<\/p>\n","protected":false},"author":4,"featured_media":32970,"comment_status":"closed","ping_status":"closed","sticky":false,"template":"","format":"standard","meta":{"_monsterinsights_skip_tracking":false,"_monsterinsights_sitenote_active":false,"_monsterinsights_sitenote_note":"","_monsterinsights_sitenote_category":0,"ngg_post_thumbnail":0,"footnotes":""},"categories":[107,88,82],"tags":[],"class_list":["post-32965","post","type-post","status-publish","format-standard","has-post-thumbnail","hentry","category-noticia-ano-2025-pioxi","category-ed-infantil","category-noticias"],"_links":{"self":[{"href":"https:\/\/redebeneditina.org.br\/pioxi\/wp-json\/wp\/v2\/posts\/32965","targetHints":{"allow":["GET"]}}],"collection":[{"href":"https:\/\/redebeneditina.org.br\/pioxi\/wp-json\/wp\/v2\/posts"}],"about":[{"href":"https:\/\/redebeneditina.org.br\/pioxi\/wp-json\/wp\/v2\/types\/post"}],"author":[{"embeddable":true,"href":"https:\/\/redebeneditina.org.br\/pioxi\/wp-json\/wp\/v2\/users\/4"}],"replies":[{"embeddable":true,"href":"https:\/\/redebeneditina.org.br\/pioxi\/wp-json\/wp\/v2\/comments?post=32965"}],"version-history":[{"count":1,"href":"https:\/\/redebeneditina.org.br\/pioxi\/wp-json\/wp\/v2\/posts\/32965\/revisions"}],"predecessor-version":[{"id":32971,"href":"https:\/\/redebeneditina.org.br\/pioxi\/wp-json\/wp\/v2\/posts\/32965\/revisions\/32971"}],"wp:featuredmedia":[{"embeddable":true,"href":"https:\/\/redebeneditina.org.br\/pioxi\/wp-json\/wp\/v2\/media\/32970"}],"wp:attachment":[{"href":"https:\/\/redebeneditina.org.br\/pioxi\/wp-json\/wp\/v2\/media?parent=32965"}],"wp:term":[{"taxonomy":"category","embeddable":true,"href":"https:\/\/redebeneditina.org.br\/pioxi\/wp-json\/wp\/v2\/categories?post=32965"},{"taxonomy":"post_tag","embeddable":true,"href":"https:\/\/redebeneditina.org.br\/pioxi\/wp-json\/wp\/v2\/tags?post=32965"}],"curies":[{"name":"wp","href":"https:\/\/api.w.org\/{rel}","templated":true}]}}