{"id":32972,"date":"2025-11-25T22:50:18","date_gmt":"2025-11-26T01:50:18","guid":{"rendered":"https:\/\/redebeneditina.org.br\/pioxi\/?p=32972"},"modified":"2025-11-25T22:50:18","modified_gmt":"2025-11-26T01:50:18","slug":"aprendendo-medidas-na-pratica-uma-atividade-divertida-no-2o-ano","status":"publish","type":"post","link":"https:\/\/redebeneditina.org.br\/pioxi\/aprendendo-medidas-na-pratica-uma-atividade-divertida-no-2o-ano\/","title":{"rendered":"Aprendendo Medidas na Pr\u00e1tica: Uma Atividade Divertida no 2\u00ba Ano"},"content":{"rendered":"<p>Hoje, as turmas do 2\u00b0 Ano participaram de uma atividade super divertida de revis\u00e3o sobre medidas, usando encartes de supermercado!<\/p>\n<p>Com muita curiosidade e criatividade, nossos pequenos exploraram pre\u00e7os, tamanhos e quantidades, aprendendo na pr\u00e1tica como as medidas est\u00e3o presentes no nosso dia a dia.<\/p>\nngg_shortcode_0_placeholder\n","protected":false},"excerpt":{"rendered":"<p>Hoje, as turmas do 2\u00b0 Ano participaram de uma atividade super divertida de revis\u00e3o sobre medidas, usando encartes de supermercado! Com muita curiosidade e criatividade, nossos pequenos exploraram pre\u00e7os, tamanhos e quantidades, aprendendo na pr\u00e1tica como as medidas est\u00e3o presentes no nosso dia a dia.<\/p>\n","protected":false},"author":4,"featured_media":32985,"comment_status":"closed","ping_status":"closed","sticky":false,"template":"","format":"standard","meta":{"_monsterinsights_skip_tracking":false,"_monsterinsights_sitenote_active":false,"_monsterinsights_sitenote_note":"","_monsterinsights_sitenote_category":0,"ngg_post_thumbnail":0,"footnotes":""},"categories":[107,89,82],"tags":[],"class_list":["post-32972","post","type-post","status-publish","format-standard","has-post-thumbnail","hentry","category-noticia-ano-2025-pioxi","category-ens-fund_i","category-noticias"],"_links":{"self":[{"href":"https:\/\/redebeneditina.org.br\/pioxi\/wp-json\/wp\/v2\/posts\/32972","targetHints":{"allow":["GET"]}}],"collection":[{"href":"https:\/\/redebeneditina.org.br\/pioxi\/wp-json\/wp\/v2\/posts"}],"about":[{"href":"https:\/\/redebeneditina.org.br\/pioxi\/wp-json\/wp\/v2\/types\/post"}],"author":[{"embeddable":true,"href":"https:\/\/redebeneditina.org.br\/pioxi\/wp-json\/wp\/v2\/users\/4"}],"replies":[{"embeddable":true,"href":"https:\/\/redebeneditina.org.br\/pioxi\/wp-json\/wp\/v2\/comments?post=32972"}],"version-history":[{"count":1,"href":"https:\/\/redebeneditina.org.br\/pioxi\/wp-json\/wp\/v2\/posts\/32972\/revisions"}],"predecessor-version":[{"id":32986,"href":"https:\/\/redebeneditina.org.br\/pioxi\/wp-json\/wp\/v2\/posts\/32972\/revisions\/32986"}],"wp:featuredmedia":[{"embeddable":true,"href":"https:\/\/redebeneditina.org.br\/pioxi\/wp-json\/wp\/v2\/media\/32985"}],"wp:attachment":[{"href":"https:\/\/redebeneditina.org.br\/pioxi\/wp-json\/wp\/v2\/media?parent=32972"}],"wp:term":[{"taxonomy":"category","embeddable":true,"href":"https:\/\/redebeneditina.org.br\/pioxi\/wp-json\/wp\/v2\/categories?post=32972"},{"taxonomy":"post_tag","embeddable":true,"href":"https:\/\/redebeneditina.org.br\/pioxi\/wp-json\/wp\/v2\/tags?post=32972"}],"curies":[{"name":"wp","href":"https:\/\/api.w.org\/{rel}","templated":true}]}}