{"id":32987,"date":"2025-11-25T22:52:26","date_gmt":"2025-11-26T01:52:26","guid":{"rendered":"https:\/\/redebeneditina.org.br\/pioxi\/?p=32987"},"modified":"2025-11-25T22:52:26","modified_gmt":"2025-11-26T01:52:26","slug":"arvore-da-adicao-no-pre-1","status":"publish","type":"post","link":"https:\/\/redebeneditina.org.br\/pioxi\/arvore-da-adicao-no-pre-1\/","title":{"rendered":"\u00c1rvore da Adi\u00e7\u00e3o no Pr\u00e9 1"},"content":{"rendered":"<p>Na turma do Pr\u00e9 1, as crian\u00e7as viveram uma experi\u00eancia divertida ao aprender sobre a adi\u00e7\u00e3o. Com a \u201c\u00c1rvore da Adi\u00e7\u00e3o\u201d, puderam contar, somar e relacionar n\u00fameros e quantidades de forma l\u00fadica e significativa.<\/p>\n<p>Cada cora\u00e7\u00e3o adicionado trouxe descobertas e alegria, mostrando que aprender matem\u00e1tica tamb\u00e9m pode ser encantador.<\/p>\nngg_shortcode_0_placeholder\n","protected":false},"excerpt":{"rendered":"<p>Na turma do Pr\u00e9 1, as crian\u00e7as viveram uma experi\u00eancia divertida ao aprender sobre a adi\u00e7\u00e3o. Com a \u201c\u00c1rvore da Adi\u00e7\u00e3o\u201d, puderam contar, somar e relacionar n\u00fameros e quantidades de forma l\u00fadica e significativa. Cada cora\u00e7\u00e3o adicionado trouxe descobertas e alegria, mostrando que aprender matem\u00e1tica tamb\u00e9m pode ser encantador.<\/p>\n","protected":false},"author":4,"featured_media":32996,"comment_status":"closed","ping_status":"closed","sticky":false,"template":"","format":"standard","meta":{"_monsterinsights_skip_tracking":false,"_monsterinsights_sitenote_active":false,"_monsterinsights_sitenote_note":"","_monsterinsights_sitenote_category":0,"ngg_post_thumbnail":0,"footnotes":""},"categories":[107,88,82],"tags":[],"class_list":["post-32987","post","type-post","status-publish","format-standard","has-post-thumbnail","hentry","category-noticia-ano-2025-pioxi","category-ed-infantil","category-noticias"],"_links":{"self":[{"href":"https:\/\/redebeneditina.org.br\/pioxi\/wp-json\/wp\/v2\/posts\/32987","targetHints":{"allow":["GET"]}}],"collection":[{"href":"https:\/\/redebeneditina.org.br\/pioxi\/wp-json\/wp\/v2\/posts"}],"about":[{"href":"https:\/\/redebeneditina.org.br\/pioxi\/wp-json\/wp\/v2\/types\/post"}],"author":[{"embeddable":true,"href":"https:\/\/redebeneditina.org.br\/pioxi\/wp-json\/wp\/v2\/users\/4"}],"replies":[{"embeddable":true,"href":"https:\/\/redebeneditina.org.br\/pioxi\/wp-json\/wp\/v2\/comments?post=32987"}],"version-history":[{"count":1,"href":"https:\/\/redebeneditina.org.br\/pioxi\/wp-json\/wp\/v2\/posts\/32987\/revisions"}],"predecessor-version":[{"id":32997,"href":"https:\/\/redebeneditina.org.br\/pioxi\/wp-json\/wp\/v2\/posts\/32987\/revisions\/32997"}],"wp:featuredmedia":[{"embeddable":true,"href":"https:\/\/redebeneditina.org.br\/pioxi\/wp-json\/wp\/v2\/media\/32996"}],"wp:attachment":[{"href":"https:\/\/redebeneditina.org.br\/pioxi\/wp-json\/wp\/v2\/media?parent=32987"}],"wp:term":[{"taxonomy":"category","embeddable":true,"href":"https:\/\/redebeneditina.org.br\/pioxi\/wp-json\/wp\/v2\/categories?post=32987"},{"taxonomy":"post_tag","embeddable":true,"href":"https:\/\/redebeneditina.org.br\/pioxi\/wp-json\/wp\/v2\/tags?post=32987"}],"curies":[{"name":"wp","href":"https:\/\/api.w.org\/{rel}","templated":true}]}}