{"id":32998,"date":"2025-11-25T22:54:33","date_gmt":"2025-11-26T01:54:33","guid":{"rendered":"https:\/\/redebeneditina.org.br\/pioxi\/?p=32998"},"modified":"2025-11-25T22:54:33","modified_gmt":"2025-11-26T01:54:33","slug":"vitoria-no-basquete-master-parabens-professora-regina-ditta","status":"publish","type":"post","link":"https:\/\/redebeneditina.org.br\/pioxi\/vitoria-no-basquete-master-parabens-professora-regina-ditta\/","title":{"rendered":"Vit\u00f3ria no Basquete Master: Parab\u00e9ns, Professora Regina Ditta!"},"content":{"rendered":"<p style=\"font-weight: 400;\">Nossa professora Regina Ditta, de Educa\u00e7\u00e3o F\u00edsica, foi t\u00e9cnica da equipe feminina 70 mais de basquete.<\/p>\n<p style=\"font-weight: 400;\">A equipe foi campe\u00e3 do XL Campeonato Brasileiro Master&nbsp; 2025, que ocorreu em Macei\u00f3 \u2013 AL.<\/p>\n<p style=\"font-weight: 400;\">Parabenizamos a nossa professora e t\u00e9cnica pela conquista.&nbsp;<\/p>\n","protected":false},"excerpt":{"rendered":"<p>Nossa professora Regina Ditta, de Educa\u00e7\u00e3o F\u00edsica, foi t\u00e9cnica da equipe feminina 70 mais de basquete. A equipe foi campe\u00e3 do XL Campeonato Brasileiro Master&nbsp; 2025, que ocorreu em Macei\u00f3 \u2013 AL. Parabenizamos a nossa professora e t\u00e9cnica pela conquista.&nbsp;<\/p>\n","protected":false},"author":4,"featured_media":32999,"comment_status":"closed","ping_status":"closed","sticky":false,"template":"","format":"standard","meta":{"_monsterinsights_skip_tracking":false,"_monsterinsights_sitenote_active":false,"_monsterinsights_sitenote_note":"","_monsterinsights_sitenote_category":0,"ngg_post_thumbnail":0,"footnotes":""},"categories":[107,88,89,90,91,82],"tags":[],"class_list":["post-32998","post","type-post","status-publish","format-standard","has-post-thumbnail","hentry","category-noticia-ano-2025-pioxi","category-ed-infantil","category-ens-fund_i","category-ens-fund_ii","category-ens-medio","category-noticias"],"_links":{"self":[{"href":"https:\/\/redebeneditina.org.br\/pioxi\/wp-json\/wp\/v2\/posts\/32998","targetHints":{"allow":["GET"]}}],"collection":[{"href":"https:\/\/redebeneditina.org.br\/pioxi\/wp-json\/wp\/v2\/posts"}],"about":[{"href":"https:\/\/redebeneditina.org.br\/pioxi\/wp-json\/wp\/v2\/types\/post"}],"author":[{"embeddable":true,"href":"https:\/\/redebeneditina.org.br\/pioxi\/wp-json\/wp\/v2\/users\/4"}],"replies":[{"embeddable":true,"href":"https:\/\/redebeneditina.org.br\/pioxi\/wp-json\/wp\/v2\/comments?post=32998"}],"version-history":[{"count":1,"href":"https:\/\/redebeneditina.org.br\/pioxi\/wp-json\/wp\/v2\/posts\/32998\/revisions"}],"predecessor-version":[{"id":33000,"href":"https:\/\/redebeneditina.org.br\/pioxi\/wp-json\/wp\/v2\/posts\/32998\/revisions\/33000"}],"wp:featuredmedia":[{"embeddable":true,"href":"https:\/\/redebeneditina.org.br\/pioxi\/wp-json\/wp\/v2\/media\/32999"}],"wp:attachment":[{"href":"https:\/\/redebeneditina.org.br\/pioxi\/wp-json\/wp\/v2\/media?parent=32998"}],"wp:term":[{"taxonomy":"category","embeddable":true,"href":"https:\/\/redebeneditina.org.br\/pioxi\/wp-json\/wp\/v2\/categories?post=32998"},{"taxonomy":"post_tag","embeddable":true,"href":"https:\/\/redebeneditina.org.br\/pioxi\/wp-json\/wp\/v2\/tags?post=32998"}],"curies":[{"name":"wp","href":"https:\/\/api.w.org\/{rel}","templated":true}]}}