{"id":33001,"date":"2025-11-26T19:12:31","date_gmt":"2025-11-26T22:12:31","guid":{"rendered":"https:\/\/redebeneditina.org.br\/pioxi\/?p=33001"},"modified":"2025-11-27T19:17:00","modified_gmt":"2025-11-27T22:17:00","slug":"um-dia-especial-rumo-ao-6o-ano","status":"publish","type":"post","link":"https:\/\/redebeneditina.org.br\/pioxi\/um-dia-especial-rumo-ao-6o-ano\/","title":{"rendered":"Um Dia Especial: Rumo ao 6\u00ba Ano!"},"content":{"rendered":"<p>Os nossos alunos do 5\u00ba ano viveram um dia especial!<\/p>\n<p>Eles experimentaram a rotina do 6\u00ba ano, hor\u00e1rio, aulas, recreio e propostas pedag\u00f3gicas pensadas para apresentar, com carinho, o dia a dia do Ensino Fundamental Anos Finais.<\/p>\n<p>Uma viv\u00eancia cheia de descobertas, entusiasmo e novos olhares para essa pr\u00f3xima etapa!<\/p>\n<p>Rumo ao 6\u00b0 Ano!!!<\/p>\nngg_shortcode_0_placeholder\n","protected":false},"excerpt":{"rendered":"<p>Os nossos alunos do 5\u00ba ano viveram um dia especial! Eles experimentaram a rotina do 6\u00ba ano, hor\u00e1rio, aulas, recreio e propostas pedag\u00f3gicas pensadas para apresentar, com carinho, o dia a dia do Ensino Fundamental Anos Finais. Uma viv\u00eancia cheia de descobertas, entusiasmo e novos olhares para essa pr\u00f3xima etapa! Rumo ao 6\u00b0 Ano!!! &nbsp;<\/p>\n","protected":false},"author":4,"featured_media":33029,"comment_status":"closed","ping_status":"closed","sticky":false,"template":"","format":"standard","meta":{"_monsterinsights_skip_tracking":false,"_monsterinsights_sitenote_active":false,"_monsterinsights_sitenote_note":"","_monsterinsights_sitenote_category":0,"ngg_post_thumbnail":0,"footnotes":""},"categories":[107,89,82],"tags":[],"class_list":["post-33001","post","type-post","status-publish","format-standard","has-post-thumbnail","hentry","category-noticia-ano-2025-pioxi","category-ens-fund_i","category-noticias"],"_links":{"self":[{"href":"https:\/\/redebeneditina.org.br\/pioxi\/wp-json\/wp\/v2\/posts\/33001","targetHints":{"allow":["GET"]}}],"collection":[{"href":"https:\/\/redebeneditina.org.br\/pioxi\/wp-json\/wp\/v2\/posts"}],"about":[{"href":"https:\/\/redebeneditina.org.br\/pioxi\/wp-json\/wp\/v2\/types\/post"}],"author":[{"embeddable":true,"href":"https:\/\/redebeneditina.org.br\/pioxi\/wp-json\/wp\/v2\/users\/4"}],"replies":[{"embeddable":true,"href":"https:\/\/redebeneditina.org.br\/pioxi\/wp-json\/wp\/v2\/comments?post=33001"}],"version-history":[{"count":1,"href":"https:\/\/redebeneditina.org.br\/pioxi\/wp-json\/wp\/v2\/posts\/33001\/revisions"}],"predecessor-version":[{"id":33030,"href":"https:\/\/redebeneditina.org.br\/pioxi\/wp-json\/wp\/v2\/posts\/33001\/revisions\/33030"}],"wp:featuredmedia":[{"embeddable":true,"href":"https:\/\/redebeneditina.org.br\/pioxi\/wp-json\/wp\/v2\/media\/33029"}],"wp:attachment":[{"href":"https:\/\/redebeneditina.org.br\/pioxi\/wp-json\/wp\/v2\/media?parent=33001"}],"wp:term":[{"taxonomy":"category","embeddable":true,"href":"https:\/\/redebeneditina.org.br\/pioxi\/wp-json\/wp\/v2\/categories?post=33001"},{"taxonomy":"post_tag","embeddable":true,"href":"https:\/\/redebeneditina.org.br\/pioxi\/wp-json\/wp\/v2\/tags?post=33001"}],"curies":[{"name":"wp","href":"https:\/\/api.w.org\/{rel}","templated":true}]}}