{"id":33031,"date":"2025-11-27T19:18:52","date_gmt":"2025-11-27T22:18:52","guid":{"rendered":"https:\/\/redebeneditina.org.br\/pioxi\/?p=33031"},"modified":"2025-11-27T19:18:52","modified_gmt":"2025-11-27T22:18:52","slug":"ef-1-a-integrando-tecnologia-e-aprendizagem","status":"publish","type":"post","link":"https:\/\/redebeneditina.org.br\/pioxi\/ef-1-a-integrando-tecnologia-e-aprendizagem\/","title":{"rendered":"EF 1 A: Integrando Tecnologia e Aprendizagem"},"content":{"rendered":"<div dir=\"ltr\">\n<div class=\"gmail_quote\">\n<div dir=\"ltr\">A turma do EF 1 A realizou uma atividade especial no Laborat\u00f3rio de Inform\u00e1tica, revisando conte\u00fados aprendidos em sala.<\/div>\n<div dir=\"ltr\">As crian\u00e7as fizeram um ditado usando recursos digitais e compararam as atividades do caderno com as realizadas no computador.<\/div>\n<div dir=\"ltr\">A proposta refor\u00e7a o uso da tecnologia como apoio ao aprendizado, &nbsp;integrando pr\u00e1ticas digitais ao curr\u00edculo de forma significativa e educativa.<\/div>\n<div dir=\"ltr\">ngg_shortcode_0_placeholder<\/div>\n<\/div>\n<\/div>\n","protected":false},"excerpt":{"rendered":"<p>A turma do EF 1 A realizou uma atividade especial no Laborat\u00f3rio de Inform\u00e1tica, revisando conte\u00fados aprendidos em sala. As crian\u00e7as fizeram um ditado usando recursos digitais e compararam as atividades do caderno com as realizadas no computador. A proposta refor\u00e7a o uso da tecnologia como apoio ao aprendizado, &nbsp;integrando pr\u00e1ticas digitais ao curr\u00edculo de&#8230;<\/p>\n","protected":false},"author":4,"featured_media":33042,"comment_status":"closed","ping_status":"closed","sticky":false,"template":"","format":"standard","meta":{"_monsterinsights_skip_tracking":false,"_monsterinsights_sitenote_active":false,"_monsterinsights_sitenote_note":"","_monsterinsights_sitenote_category":0,"ngg_post_thumbnail":0,"footnotes":""},"categories":[107,89,82],"tags":[],"class_list":["post-33031","post","type-post","status-publish","format-standard","has-post-thumbnail","hentry","category-noticia-ano-2025-pioxi","category-ens-fund_i","category-noticias"],"_links":{"self":[{"href":"https:\/\/redebeneditina.org.br\/pioxi\/wp-json\/wp\/v2\/posts\/33031","targetHints":{"allow":["GET"]}}],"collection":[{"href":"https:\/\/redebeneditina.org.br\/pioxi\/wp-json\/wp\/v2\/posts"}],"about":[{"href":"https:\/\/redebeneditina.org.br\/pioxi\/wp-json\/wp\/v2\/types\/post"}],"author":[{"embeddable":true,"href":"https:\/\/redebeneditina.org.br\/pioxi\/wp-json\/wp\/v2\/users\/4"}],"replies":[{"embeddable":true,"href":"https:\/\/redebeneditina.org.br\/pioxi\/wp-json\/wp\/v2\/comments?post=33031"}],"version-history":[{"count":1,"href":"https:\/\/redebeneditina.org.br\/pioxi\/wp-json\/wp\/v2\/posts\/33031\/revisions"}],"predecessor-version":[{"id":33043,"href":"https:\/\/redebeneditina.org.br\/pioxi\/wp-json\/wp\/v2\/posts\/33031\/revisions\/33043"}],"wp:featuredmedia":[{"embeddable":true,"href":"https:\/\/redebeneditina.org.br\/pioxi\/wp-json\/wp\/v2\/media\/33042"}],"wp:attachment":[{"href":"https:\/\/redebeneditina.org.br\/pioxi\/wp-json\/wp\/v2\/media?parent=33031"}],"wp:term":[{"taxonomy":"category","embeddable":true,"href":"https:\/\/redebeneditina.org.br\/pioxi\/wp-json\/wp\/v2\/categories?post=33031"},{"taxonomy":"post_tag","embeddable":true,"href":"https:\/\/redebeneditina.org.br\/pioxi\/wp-json\/wp\/v2\/tags?post=33031"}],"curies":[{"name":"wp","href":"https:\/\/api.w.org\/{rel}","templated":true}]}}